{"id":10099,"date":"2025-10-10T00:07:12","date_gmt":"2025-10-10T00:07:12","guid":{"rendered":"https:\/\/www.mupa.com.mx\/blog\/?p=10099"},"modified":"2025-10-14T22:14:52","modified_gmt":"2025-10-14T22:14:52","slug":"mes-de-los-parques-con-sello-mupa","status":"publish","type":"post","link":"https:\/\/www.mupa.com.mx\/blog\/mes-de-los-parques-con-sello-mupa\/","title":{"rendered":"El Mes de los Parques: innovacio\u0301n y disen\u0303o urbano con sello MUPA\u00ae"},"content":{"rendered":"<p>Octubre se llena de verde y celebraci\u00f3n, despu\u00e9s de conmemorar nuestra independencia, y esto es por el <strong>Mes de los Parques con sello MUPA\u00ae<\/strong>, es una iniciativa por la Asociaci\u00f3n Nacional de Parques y Recreaci\u00f3n. que busca resaltar la importancia de estos espacios p\u00fablicos como pulmones urbanos, lugares de encuentro social y escenarios de bienestar. No se trata \u00fanicamente de \u00e1reas verdes, sino de verdaderos espacios donde la comunidad respira, convive y encuentra equilibrio.<!--more--><\/p>\n<p>Este mes nos invita a reflexionar: \u00bfc\u00f3mo podemos hacer que los parques sean m\u00e1s funcionales, seguros y atractivos? Aqu\u00ed es donde MUPA\u00ae Mobiliario Urbano desempe\u00f1a un papel fundamental.<br \/>\n&nbsp;<\/p>\n<h4>\u00bfQu\u00e9 es el Mes de los Parques?<\/h4>\n<p>El Mes de los Parques es una campa\u00f1a internacional promovida por la Asociaci\u00f3n Nacional de Parques y Recreaci\u00f3n, que tiene como meta fomentar y proteger los espacios abiertos y naturales, as\u00ed como promover una cultura de rescate hacia la recreaci\u00f3n, recuperaci\u00f3n, mantenimiento y defensa de los parques para uso comunitario.<br \/>\n&nbsp;<\/p>\n<h4>El papel del mobiliario urbano en los parques<\/h4>\n<p>Aunque los \u00e1rboles, senderos y \u00e1reas verdes dan vida a un parque, es el mobiliario urbano el que transforma este espacio en un lugar que puede ser disfrutado por las personas. <a href=\"https:\/\/www.mupa.com.mx\/mobiliario-urbano\/bancas-para-parque\">Bancas para parque<\/a>, <a href=\"https:\/\/www.mupa.com.mx\/mobiliario-urbano\/botes-metalicos-para-basura\">botes para basura<\/a>, <a href=\"https:\/\/www.mupa.com.mx\/mobiliario-urbano\/mesas-y-sombrillas-metalicas\">mesas para parque<\/a>, <a href=\"https:\/\/www.mupa.com.mx\/mobiliario-urbano\/senaletica\">se\u00f1al\u00e9tica<\/a>, entre otros, son elementos que impactan directamente en la experiencia del visitante y lo que lo motiva a pasar m\u00e1s tiempo en un parque.<\/p>\n<p>Un parque sin el mobiliario urbano adecuado puede resultar inc\u00f3modo, inseguro o incluso poco atractivo para las familias. En contraste, un parque con mobiliario bien dise\u00f1ado y duradero invita a quedarse m\u00e1s tiempo, socializar y volver.<br \/>\n&nbsp;<\/p>\n<h4>MUPA\u00ae: dise\u00f1o que transforma espacios p\u00fablicos<\/h4>\n<p>Nuestros productos, adem\u00e1s de cumplir con los m\u00e1s altos est\u00e1ndares de calidad y resistencia, tambi\u00e9n integran un dise\u00f1o est\u00e9tico y funcional, elementos clave para generar experiencias positivas en los usuarios.<\/p>\n<p>Nuestras bancas para parque, por ejemplo, est\u00e1n dise\u00f1adas para promover la convivencia, ofreciendo comodidad y durabilidad al mismo tiempo. Los botes para basura ayudan a mantener los espacios limpios y ordenados, solo por mencionar algunos ejemplos.<br \/>\n&nbsp;<\/p>\n<h4>Innovaci\u00f3n para el futuro de los parques<\/h4>\n<p>Tambi\u00e9n contamos con nuestra <a href=\"https:\/\/www.mupa.com.mx\/mobiliario-urbano\/ecologico-sustentable\">l\u00ednea ECO\u00ae<\/a>, que gracias a su aspecto de madera natural, es ideal para su uso en parques, ya que un parque es un espacio que inspira, une y transforma. Con mobiliario urbano de calidad, como el que ofrece MUPA\u00ae, la experiencia se enriquece, asegurando que los parques sigan siendo el coraz\u00f3n de nuestras ciudades.<\/p>\n<p><a href=\"https:\/\/www.mupa.com.mx\/\">Haz clic aqu\u00ed<\/a> para conocer todo nuestro Mobiliario Urbano para parques<\/p>\n<p>&nbsp;<\/p>\n","protected":false},"excerpt":{"rendered":"<p>Octubre se llena de verde y celebraci\u00f3n, despu\u00e9s de conmemorar nuestra independencia, y esto es por el Mes de los Parques con sello MUPA\u00ae, es una iniciativa por la Asociaci\u00f3n Nacional de Parques y Recreaci\u00f3n. que busca resaltar la importancia de estos espacios p\u00fablicos como pulmones urbanos, lugares de encuentro social y escenarios de bienestar. &hellip; <a href=\"https:\/\/www.mupa.com.mx\/blog\/mes-de-los-parques-con-sello-mupa\/\">Leer m\u00e1s<\/a><\/p>\n","protected":false},"author":4,"featured_media":10100,"comment_status":"closed","ping_status":"open","sticky":false,"template":"","format":"standard","meta":[],"categories":[164,249],"tags":[],"yoast_head":"<!-- This site is optimized with the Yoast SEO plugin v18.3 - https:\/\/yoast.com\/wordpress\/plugins\/seo\/ -->\n<title>El Mes de los Parques: innovacio\u0301n y disen\u0303o urbano con sello MUPA\u00ae - MUPA\u00ae<\/title>\n<meta name=\"description\" content=\"Mes de los Parques con sello MUPA\u00ae, resalta la importancia de espacios p\u00fablicos como lugares de encuentro social y escenarios de bienestar.\" \/>\n<meta name=\"robots\" content=\"index, follow, max-snippet:-1, max-image-preview:large, max-video-preview:-1\" \/>\n<link rel=\"canonical\" href=\"https:\/\/www.mupa.com.mx\/blog\/mes-de-los-parques-con-sello-mupa\/\" \/>\n<meta property=\"og:locale\" content=\"es_ES\" \/>\n<meta property=\"og:type\" content=\"article\" \/>\n<meta property=\"og:title\" content=\"El Mes de los Parques: innovacio\u0301n y disen\u0303o urbano con sello MUPA\u00ae\" \/>\n<meta property=\"og:description\" content=\"Mes de los Parques con sello MUPA\u00ae, resalta la importancia de espacios p\u00fablicos como lugares de encuentro social y escenarios de bienestar.\" \/>\n<meta property=\"og:url\" content=\"https:\/\/www.mupa.com.mx\/blog\/mes-de-los-parques-con-sello-mupa\/\" \/>\n<meta property=\"og:site_name\" content=\"MUPA\u00ae\" \/>\n<meta property=\"article:publisher\" content=\"https:\/\/www.facebook.com\/mupa.mobiliario.urbano\/\" \/>\n<meta property=\"article:published_time\" content=\"2025-10-10T00:07:12+00:00\" \/>\n<meta property=\"article:modified_time\" content=\"2025-10-14T22:14:52+00:00\" \/>\n<meta property=\"og:image\" content=\"https:\/\/www.mupa.com.mx\/blog\/wp-content\/uploads\/2025\/10\/20250926_057_OG_1200x630_MUPA_MesParquesSello.jpg\" \/>\n\t<meta property=\"og:image:width\" content=\"1200\" \/>\n\t<meta property=\"og:image:height\" content=\"630\" \/>\n\t<meta property=\"og:image:type\" content=\"image\/jpeg\" \/>\n<meta name=\"twitter:card\" content=\"summary\" \/>\n<meta name=\"twitter:title\" content=\"El Mes de los Parques: innovacio\u0301n y disen\u0303o urbano con sello MUPA\u00ae\" \/>\n<meta name=\"twitter:description\" content=\"Mes de los Parques con sello MUPA\u00ae, resalta la importancia de espacios p\u00fablicos como lugares de encuentro social y escenarios de bienestar.\" \/>\n<meta name=\"twitter:image\" content=\"https:\/\/www.mupa.com.mx\/blog\/wp-content\/uploads\/2025\/10\/20250926_057_OG_1200x630_MUPA_MesParquesSello.jpg\" \/>\n<meta name=\"twitter:creator\" content=\"@mupamobiliario\" \/>\n<meta name=\"twitter:site\" content=\"@mupamobiliario\" \/>\n<meta name=\"twitter:label1\" content=\"Escrito por\" \/>\n\t<meta name=\"twitter:data1\" content=\"MUPA\u00ae\" \/>\n\t<meta name=\"twitter:label2\" content=\"Tiempo de lectura\" \/>\n\t<meta name=\"twitter:data2\" content=\"2 minutos\" \/>\n<script type=\"application\/ld+json\" class=\"yoast-schema-graph\">{\"@context\":\"https:\/\/schema.org\",\"@graph\":[{\"@type\":\"Organization\",\"@id\":\"https:\/\/www.mupa.com.mx\/blog\/#organization\",\"name\":\"MUPA\",\"url\":\"https:\/\/www.mupa.com.mx\/blog\/\",\"sameAs\":[\"https:\/\/www.facebook.com\/mupa.mobiliario.urbano\/\",\"https:\/\/www.linkedin.com\/company\/mupa-mobiliario-urbano-y-producto-de-acero\",\"https:\/\/twitter.com\/mupamobiliario\"],\"logo\":{\"@type\":\"ImageObject\",\"@id\":\"https:\/\/www.mupa.com.mx\/blog\/#logo\",\"inLanguage\":\"es\",\"url\":\"https:\/\/www.mupa.com.mx\/blog\/wp-content\/uploads\/2016\/10\/LOGO-2-MUPA-2016.png\",\"contentUrl\":\"https:\/\/www.mupa.com.mx\/blog\/wp-content\/uploads\/2016\/10\/LOGO-2-MUPA-2016.png\",\"width\":227,\"height\":75,\"caption\":\"MUPA\"},\"image\":{\"@id\":\"https:\/\/www.mupa.com.mx\/blog\/#logo\"}},{\"@type\":\"WebSite\",\"@id\":\"https:\/\/www.mupa.com.mx\/blog\/#website\",\"url\":\"https:\/\/www.mupa.com.mx\/blog\/\",\"name\":\"MUPA\u00ae\",\"description\":\"Mobiliario Urbano, Fabricaci\u00f3n y Venta en M\u00e9xico\",\"publisher\":{\"@id\":\"https:\/\/www.mupa.com.mx\/blog\/#organization\"},\"potentialAction\":[{\"@type\":\"SearchAction\",\"target\":{\"@type\":\"EntryPoint\",\"urlTemplate\":\"https:\/\/www.mupa.com.mx\/blog\/?s={search_term_string}\"},\"query-input\":\"required name=search_term_string\"}],\"inLanguage\":\"es\"},{\"@type\":\"ImageObject\",\"@id\":\"https:\/\/www.mupa.com.mx\/blog\/mes-de-los-parques-con-sello-mupa\/#primaryimage\",\"inLanguage\":\"es\",\"url\":\"https:\/\/www.mupa.com.mx\/blog\/wp-content\/uploads\/2025\/10\/20250926_057_OG_1200x630_MUPA_MesParquesSello.jpg\",\"contentUrl\":\"https:\/\/www.mupa.com.mx\/blog\/wp-content\/uploads\/2025\/10\/20250926_057_OG_1200x630_MUPA_MesParquesSello.jpg\",\"width\":1200,\"height\":630,\"caption\":\"El Mes de los Parques: innovacio\u0301n y disen\u0303o urbano con sello MUPA\u00ae - og\"},{\"@type\":\"WebPage\",\"@id\":\"https:\/\/www.mupa.com.mx\/blog\/mes-de-los-parques-con-sello-mupa\/#webpage\",\"url\":\"https:\/\/www.mupa.com.mx\/blog\/mes-de-los-parques-con-sello-mupa\/\",\"name\":\"El Mes de los Parques: innovacio\u0301n y disen\u0303o urbano con sello MUPA\u00ae - MUPA\u00ae\",\"isPartOf\":{\"@id\":\"https:\/\/www.mupa.com.mx\/blog\/#website\"},\"primaryImageOfPage\":{\"@id\":\"https:\/\/www.mupa.com.mx\/blog\/mes-de-los-parques-con-sello-mupa\/#primaryimage\"},\"datePublished\":\"2025-10-10T00:07:12+00:00\",\"dateModified\":\"2025-10-14T22:14:52+00:00\",\"description\":\"Mes de los Parques con sello MUPA\u00ae, resalta la importancia de espacios p\u00fablicos como lugares de encuentro social y escenarios de bienestar.\",\"breadcrumb\":{\"@id\":\"https:\/\/www.mupa.com.mx\/blog\/mes-de-los-parques-con-sello-mupa\/#breadcrumb\"},\"inLanguage\":\"es\",\"potentialAction\":[{\"@type\":\"ReadAction\",\"target\":[\"https:\/\/www.mupa.com.mx\/blog\/mes-de-los-parques-con-sello-mupa\/\"]}]},{\"@type\":\"BreadcrumbList\",\"@id\":\"https:\/\/www.mupa.com.mx\/blog\/mes-de-los-parques-con-sello-mupa\/#breadcrumb\",\"itemListElement\":[{\"@type\":\"ListItem\",\"position\":1,\"name\":\"Portada\",\"item\":\"https:\/\/www.mupa.com.mx\/blog\/\"},{\"@type\":\"ListItem\",\"position\":2,\"name\":\"El Mes de los Parques: innovacio\u0301n y disen\u0303o urbano con sello MUPA\u00ae\"}]},{\"@type\":\"Article\",\"@id\":\"https:\/\/www.mupa.com.mx\/blog\/mes-de-los-parques-con-sello-mupa\/#article\",\"isPartOf\":{\"@id\":\"https:\/\/www.mupa.com.mx\/blog\/mes-de-los-parques-con-sello-mupa\/#webpage\"},\"author\":{\"@id\":\"https:\/\/www.mupa.com.mx\/blog\/#\/schema\/person\/7ea86bfb16fb6b75fce8b8f7228b1fd8\"},\"headline\":\"El Mes de los Parques: innovacio\u0301n y disen\u0303o urbano con sello MUPA\u00ae\",\"datePublished\":\"2025-10-10T00:07:12+00:00\",\"dateModified\":\"2025-10-14T22:14:52+00:00\",\"mainEntityOfPage\":{\"@id\":\"https:\/\/www.mupa.com.mx\/blog\/mes-de-los-parques-con-sello-mupa\/#webpage\"},\"wordCount\":468,\"publisher\":{\"@id\":\"https:\/\/www.mupa.com.mx\/blog\/#organization\"},\"image\":{\"@id\":\"https:\/\/www.mupa.com.mx\/blog\/mes-de-los-parques-con-sello-mupa\/#primaryimage\"},\"thumbnailUrl\":\"https:\/\/www.mupa.com.mx\/blog\/wp-content\/uploads\/2025\/10\/20250926_057_BLOG_870x395_MUPA_MesParquesSello.jpg\",\"articleSection\":[\"Mobiliario Urbano\",\"MUPA\"],\"inLanguage\":\"es\"},{\"@type\":\"Person\",\"@id\":\"https:\/\/www.mupa.com.mx\/blog\/#\/schema\/person\/7ea86bfb16fb6b75fce8b8f7228b1fd8\",\"name\":\"MUPA\u00ae\",\"image\":{\"@type\":\"ImageObject\",\"@id\":\"https:\/\/www.mupa.com.mx\/blog\/#personlogo\",\"inLanguage\":\"es\",\"url\":\"https:\/\/secure.gravatar.com\/avatar\/e5eb6a8525a9dde1bd86be7c2093623b?s=96&d=mm&r=g\",\"contentUrl\":\"https:\/\/secure.gravatar.com\/avatar\/e5eb6a8525a9dde1bd86be7c2093623b?s=96&d=mm&r=g\",\"caption\":\"MUPA\u00ae\"},\"description\":\"MUPA\u00ae, orgullosa empresa mexicana, con 30 a\u00f1os de experiencia en la fabricaci\u00f3n de mobiliario urbano y productos de acero.\",\"url\":\"https:\/\/www.mupa.com.mx\/blog\/author\/mupa\/\"}]}<\/script>\n<!-- \/ Yoast SEO plugin. -->","yoast_head_json":{"title":"El Mes de los Parques: innovacio\u0301n y disen\u0303o urbano con sello MUPA\u00ae - MUPA\u00ae","description":"Mes de los Parques con sello MUPA\u00ae, resalta la importancia de espacios p\u00fablicos como lugares de encuentro social y escenarios de bienestar.","robots":{"index":"index","follow":"follow","max-snippet":"max-snippet:-1","max-image-preview":"max-image-preview:large","max-video-preview":"max-video-preview:-1"},"canonical":"https:\/\/www.mupa.com.mx\/blog\/mes-de-los-parques-con-sello-mupa\/","og_locale":"es_ES","og_type":"article","og_title":"El Mes de los Parques: innovacio\u0301n y disen\u0303o urbano con sello MUPA\u00ae","og_description":"Mes de los Parques con sello MUPA\u00ae, resalta la importancia de espacios p\u00fablicos como lugares de encuentro social y escenarios de bienestar.","og_url":"https:\/\/www.mupa.com.mx\/blog\/mes-de-los-parques-con-sello-mupa\/","og_site_name":"MUPA\u00ae","article_publisher":"https:\/\/www.facebook.com\/mupa.mobiliario.urbano\/","article_published_time":"2025-10-10T00:07:12+00:00","article_modified_time":"2025-10-14T22:14:52+00:00","og_image":[{"width":1200,"height":630,"url":"https:\/\/www.mupa.com.mx\/blog\/wp-content\/uploads\/2025\/10\/20250926_057_OG_1200x630_MUPA_MesParquesSello.jpg","type":"image\/jpeg"}],"twitter_card":"summary","twitter_title":"El Mes de los Parques: innovacio\u0301n y disen\u0303o urbano con sello MUPA\u00ae","twitter_description":"Mes de los Parques con sello MUPA\u00ae, resalta la importancia de espacios p\u00fablicos como lugares de encuentro social y escenarios de bienestar.","twitter_image":"https:\/\/www.mupa.com.mx\/blog\/wp-content\/uploads\/2025\/10\/20250926_057_OG_1200x630_MUPA_MesParquesSello.jpg","twitter_creator":"@mupamobiliario","twitter_site":"@mupamobiliario","twitter_misc":{"Escrito por":"MUPA\u00ae","Tiempo de lectura":"2 minutos"},"schema":{"@context":"https:\/\/schema.org","@graph":[{"@type":"Organization","@id":"https:\/\/www.mupa.com.mx\/blog\/#organization","name":"MUPA","url":"https:\/\/www.mupa.com.mx\/blog\/","sameAs":["https:\/\/www.facebook.com\/mupa.mobiliario.urbano\/","https:\/\/www.linkedin.com\/company\/mupa-mobiliario-urbano-y-producto-de-acero","https:\/\/twitter.com\/mupamobiliario"],"logo":{"@type":"ImageObject","@id":"https:\/\/www.mupa.com.mx\/blog\/#logo","inLanguage":"es","url":"https:\/\/www.mupa.com.mx\/blog\/wp-content\/uploads\/2016\/10\/LOGO-2-MUPA-2016.png","contentUrl":"https:\/\/www.mupa.com.mx\/blog\/wp-content\/uploads\/2016\/10\/LOGO-2-MUPA-2016.png","width":227,"height":75,"caption":"MUPA"},"image":{"@id":"https:\/\/www.mupa.com.mx\/blog\/#logo"}},{"@type":"WebSite","@id":"https:\/\/www.mupa.com.mx\/blog\/#website","url":"https:\/\/www.mupa.com.mx\/blog\/","name":"MUPA\u00ae","description":"Mobiliario Urbano, Fabricaci\u00f3n y Venta en M\u00e9xico","publisher":{"@id":"https:\/\/www.mupa.com.mx\/blog\/#organization"},"potentialAction":[{"@type":"SearchAction","target":{"@type":"EntryPoint","urlTemplate":"https:\/\/www.mupa.com.mx\/blog\/?s={search_term_string}"},"query-input":"required name=search_term_string"}],"inLanguage":"es"},{"@type":"ImageObject","@id":"https:\/\/www.mupa.com.mx\/blog\/mes-de-los-parques-con-sello-mupa\/#primaryimage","inLanguage":"es","url":"https:\/\/www.mupa.com.mx\/blog\/wp-content\/uploads\/2025\/10\/20250926_057_OG_1200x630_MUPA_MesParquesSello.jpg","contentUrl":"https:\/\/www.mupa.com.mx\/blog\/wp-content\/uploads\/2025\/10\/20250926_057_OG_1200x630_MUPA_MesParquesSello.jpg","width":1200,"height":630,"caption":"El Mes de los Parques: innovacio\u0301n y disen\u0303o urbano con sello MUPA\u00ae - og"},{"@type":"WebPage","@id":"https:\/\/www.mupa.com.mx\/blog\/mes-de-los-parques-con-sello-mupa\/#webpage","url":"https:\/\/www.mupa.com.mx\/blog\/mes-de-los-parques-con-sello-mupa\/","name":"El Mes de los Parques: innovacio\u0301n y disen\u0303o urbano con sello MUPA\u00ae - MUPA\u00ae","isPartOf":{"@id":"https:\/\/www.mupa.com.mx\/blog\/#website"},"primaryImageOfPage":{"@id":"https:\/\/www.mupa.com.mx\/blog\/mes-de-los-parques-con-sello-mupa\/#primaryimage"},"datePublished":"2025-10-10T00:07:12+00:00","dateModified":"2025-10-14T22:14:52+00:00","description":"Mes de los Parques con sello MUPA\u00ae, resalta la importancia de espacios p\u00fablicos como lugares de encuentro social y escenarios de bienestar.","breadcrumb":{"@id":"https:\/\/www.mupa.com.mx\/blog\/mes-de-los-parques-con-sello-mupa\/#breadcrumb"},"inLanguage":"es","potentialAction":[{"@type":"ReadAction","target":["https:\/\/www.mupa.com.mx\/blog\/mes-de-los-parques-con-sello-mupa\/"]}]},{"@type":"BreadcrumbList","@id":"https:\/\/www.mupa.com.mx\/blog\/mes-de-los-parques-con-sello-mupa\/#breadcrumb","itemListElement":[{"@type":"ListItem","position":1,"name":"Portada","item":"https:\/\/www.mupa.com.mx\/blog\/"},{"@type":"ListItem","position":2,"name":"El Mes de los Parques: innovacio\u0301n y disen\u0303o urbano con sello MUPA\u00ae"}]},{"@type":"Article","@id":"https:\/\/www.mupa.com.mx\/blog\/mes-de-los-parques-con-sello-mupa\/#article","isPartOf":{"@id":"https:\/\/www.mupa.com.mx\/blog\/mes-de-los-parques-con-sello-mupa\/#webpage"},"author":{"@id":"https:\/\/www.mupa.com.mx\/blog\/#\/schema\/person\/7ea86bfb16fb6b75fce8b8f7228b1fd8"},"headline":"El Mes de los Parques: innovacio\u0301n y disen\u0303o urbano con sello MUPA\u00ae","datePublished":"2025-10-10T00:07:12+00:00","dateModified":"2025-10-14T22:14:52+00:00","mainEntityOfPage":{"@id":"https:\/\/www.mupa.com.mx\/blog\/mes-de-los-parques-con-sello-mupa\/#webpage"},"wordCount":468,"publisher":{"@id":"https:\/\/www.mupa.com.mx\/blog\/#organization"},"image":{"@id":"https:\/\/www.mupa.com.mx\/blog\/mes-de-los-parques-con-sello-mupa\/#primaryimage"},"thumbnailUrl":"https:\/\/www.mupa.com.mx\/blog\/wp-content\/uploads\/2025\/10\/20250926_057_BLOG_870x395_MUPA_MesParquesSello.jpg","articleSection":["Mobiliario Urbano","MUPA"],"inLanguage":"es"},{"@type":"Person","@id":"https:\/\/www.mupa.com.mx\/blog\/#\/schema\/person\/7ea86bfb16fb6b75fce8b8f7228b1fd8","name":"MUPA\u00ae","image":{"@type":"ImageObject","@id":"https:\/\/www.mupa.com.mx\/blog\/#personlogo","inLanguage":"es","url":"https:\/\/secure.gravatar.com\/avatar\/e5eb6a8525a9dde1bd86be7c2093623b?s=96&d=mm&r=g","contentUrl":"https:\/\/secure.gravatar.com\/avatar\/e5eb6a8525a9dde1bd86be7c2093623b?s=96&d=mm&r=g","caption":"MUPA\u00ae"},"description":"MUPA\u00ae, orgullosa empresa mexicana, con 30 a\u00f1os de experiencia en la fabricaci\u00f3n de mobiliario urbano y productos de acero.","url":"https:\/\/www.mupa.com.mx\/blog\/author\/mupa\/"}]}},"_links":{"self":[{"href":"https:\/\/www.mupa.com.mx\/blog\/wp-json\/wp\/v2\/posts\/10099"}],"collection":[{"href":"https:\/\/www.mupa.com.mx\/blog\/wp-json\/wp\/v2\/posts"}],"about":[{"href":"https:\/\/www.mupa.com.mx\/blog\/wp-json\/wp\/v2\/types\/post"}],"author":[{"embeddable":true,"href":"https:\/\/www.mupa.com.mx\/blog\/wp-json\/wp\/v2\/users\/4"}],"replies":[{"embeddable":true,"href":"https:\/\/www.mupa.com.mx\/blog\/wp-json\/wp\/v2\/comments?post=10099"}],"version-history":[{"count":3,"href":"https:\/\/www.mupa.com.mx\/blog\/wp-json\/wp\/v2\/posts\/10099\/revisions"}],"predecessor-version":[{"id":10108,"href":"https:\/\/www.mupa.com.mx\/blog\/wp-json\/wp\/v2\/posts\/10099\/revisions\/10108"}],"wp:featuredmedia":[{"embeddable":true,"href":"https:\/\/www.mupa.com.mx\/blog\/wp-json\/wp\/v2\/media\/10100"}],"wp:attachment":[{"href":"https:\/\/www.mupa.com.mx\/blog\/wp-json\/wp\/v2\/media?parent=10099"}],"wp:term":[{"taxonomy":"category","embeddable":true,"href":"https:\/\/www.mupa.com.mx\/blog\/wp-json\/wp\/v2\/categories?post=10099"},{"taxonomy":"post_tag","embeddable":true,"href":"https:\/\/www.mupa.com.mx\/blog\/wp-json\/wp\/v2\/tags?post=10099"}],"curies":[{"name":"wp","href":"https:\/\/api.w.org\/{rel}","templated":true}]}}