{"id":10197,"date":"2026-01-08T01:39:14","date_gmt":"2026-01-08T01:39:14","guid":{"rendered":"https:\/\/www.mupa.com.mx\/blog\/?p=10197"},"modified":"2026-01-08T01:39:26","modified_gmt":"2026-01-08T01:39:26","slug":"mobiliario-y-equipamiento-urbano-con-proposito-en-2026","status":"publish","type":"post","link":"https:\/\/www.mupa.com.mx\/blog\/mobiliario-y-equipamiento-urbano-con-proposito-en-2026\/","title":{"rendered":"As\u00ed comienza 2026: Mobiliario y Equipamiento Urbano con prop\u00f3sito y visi\u00f3n"},"content":{"rendered":"<p>El 2026 inicia con una nueva energ\u00eda y un llamado claro: dise\u00f1ar ciudades m\u00e1s humanas, funcionales y pensadas para las personas. En MUPA\u00ae, este a\u00f1o lo recibimos con una convicci\u00f3n que hemos venido reforzando a\u00f1o tras a\u00f1o: ofrecer <a href=\"https:\/\/www.mupa.com.mx\/\">mobiliario y equipamiento urbano<\/a> con prop\u00f3sito, que no solo ordene los espacios, sino que tambi\u00e9n los transforme en lugares vivos, seguros, inspiradores y 100% funcionales.<!--more--><\/p>\n<p>&nbsp;<\/p>\n<p>Una realidad que vemos es que el dise\u00f1o urbano evoluciona, y con \u00e9l, las necesidades de las comunidades. La modernizaci\u00f3n de los espacios p\u00fablicos requieren soluciones inteligentes, duraderas y est\u00e9ticamente arm\u00f3nicas. Por eso, este 2026 refuerza esta visi\u00f3n: construir entornos que fomenten la convivencia, impulsen el movimiento y eleven la calidad de vida.<\/p>\n<p>&nbsp;<\/p>\n<h4><strong>Dise\u00f1ar con intenci\u00f3n<\/strong><\/h4>\n<p>En <a href=\"https:\/\/www.mupa.com.mx\/\">MUPA\u00ae<\/a> creemos firmemente en que cada proyecto tiene un impacto directo en la forma en que las personas se relacionan con su entorno. Por eso, reforzamos nuestro enfoque: crear mobiliario y equipamiento urbano con prop\u00f3sito, donde cada pieza cumpla una funci\u00f3n clara: proteger, organizar, inspirar o conectar.<\/p>\n<p>Las ciudades no se construyen solo con edificios; se construyen con gente; gente que utiliza espacios para descansar, esperar, jugar, entrenar y convivir. Ese es el coraz\u00f3n de lo que hacemos: que cada banca, bote, bolardo, parab\u00fas o ejercitador transforme un espacio com\u00fan en un lugar significativo para las comunidades.<\/p>\n<p>&nbsp;<\/p>\n<h4><strong>L\u00edneas MUPA\u00ae que marcar\u00e1n el 2026<\/strong><\/h4>\n<p>Este a\u00f1o, reafirmamos nuestro compromiso con soluciones urbanas integrales que destacan por su dise\u00f1o, durabilidad y funcionalidad. Nuestro cat\u00e1logo incluye:<\/p>\n<p>* <a href=\"https:\/\/www.mupa.com.mx\/mobiliario-urbano\/botes-metalicos-para-basura\">Botes para basura que combinan higiene, est\u00e9tica y resistencia.<\/a><\/p>\n<p>* <a href=\"https:\/\/www.mupa.com.mx\/mobiliario-urbano\/bancas-para-parque\">Bancas para parque pensadas para brindar confort y armon\u00eda visual.<\/a><\/p>\n<p>* <a href=\"https:\/\/www.mupa.com.mx\/mobiliario-urbano\/paraderos-de-autobus\">Paraderos de autob\u00fas que protegen, orientan y mejoran la experiencia del transporte p\u00fablico.<\/a><\/p>\n<p>* <a href=\"https:\/\/www.mupa.com.mx\/mobiliario-urbano\/bolardos-publicos\">Bolardos que aportan seguridad, orden y delimitaci\u00f3n inteligente.<\/a><\/p>\n<p>* <a href=\"https:\/\/www.mupa.com.mx\/mobiliario-urbano\/mesas-metalicas\">Mesas<\/a> y <a href=\"https:\/\/www.mupa.com.mx\/mobiliario-urbano\/ejercitadores\">ejercitadores p\u00fablicos<\/a>, creados para impulsar convivencia y salud comunitaria.<\/p>\n<p>* <a href=\"https:\/\/www.mupa.com.mx\/mobiliario-urbano\/juegos-infantiles\">Juegos infantiles que fomentan el movimiento, la creatividad y el juego seguro.<\/a><\/p>\n<p>* <a href=\"https:\/\/www.mupa.com.mx\/mobiliario-urbano\/aparcabicicletas\">Aparcabicicletas para ciudades que apuestan por la movilidad sustentable.<\/a><\/p>\n<p>*<a href=\"https:\/\/www.mupa.com.mx\/piso-amortiguante\"> Piso amortiguante que aporta protecci\u00f3n y color a los espacios infantiles.<\/a><\/p>\n<p>&nbsp;<\/p>\n<p>Cada una de estas l\u00edneas y muchas otras que conforman nuestro cat\u00e1logo, est\u00e1ns dise\u00f1adas con la misma filosof\u00eda: mobiliario y equipamiento urbano con prop\u00f3sito, pensado para durar y para integrarse de manera arm\u00f3nica a cualquier entorno.<\/p>\n<p>&nbsp;<\/p>\n<h4><strong>Innovaci\u00f3n con visi\u00f3n a futuro<\/strong><\/h4>\n<p>Este 2026 nos motiva a seguir innovando. La ciudad del futuro necesita mobiliario m\u00e1s resistente, accesible, seguro e inclusivo. Desde nuevas tecnolog\u00edas de recubrimiento hasta dise\u00f1os que responden mejor a las necesidades actuales, nuestro compromiso es avanzar junto con la urbanizaci\u00f3n moderna.<\/p>\n<p>Crear mobiliario urbano no es solo fabricar piezas: es entender c\u00f3mo vive la gente, c\u00f3mo se mueve, d\u00f3nde descansa, qu\u00e9 necesita y c\u00f3mo hacer que esos espacios se vuelvan parte de su vida cotidiana.<\/p>\n<p>&nbsp;<\/p>\n<p>En MUPA\u00ae, iniciamos 2026 con gratitud y entusiasmo, preparados para acompa\u00f1arte en cada proyecto con mobiliario y equipamiento urbano con prop\u00f3sito, hecho en M\u00e9xico, resistente, est\u00e9tico y pensado para transformar.<\/p>\n<p>&nbsp;<\/p>\n<p>Adem\u00e1s, al ser fabricantes nacionales, contamos con tiempos de entrega cortos, lo que se traduce como un proyecto m\u00e1s econ\u00f3mico.<\/p>\n<p>&nbsp;<\/p>\n<p>As\u00ed que esta es la forma en que comienza 2026: con <a href=\"https:\/\/www.mupa.com.mx\/\">MUPA\u00ae<\/a>, acompa\u00f1ado de visi\u00f3n, dise\u00f1o y un prop\u00f3sito claro con su mobiliario y equipamiento urbano.<\/p>\n<p>&nbsp;<\/p>\n<p>Conoce todas nuestras l\u00edneas de productos que tenemos para embellecer tus proyectos urbanos, <a href=\"https:\/\/www.mupa.com.mx\/\">haciendo clic aqu\u00ed en MUPA\u00ae<\/a><\/p>\n","protected":false},"excerpt":{"rendered":"<p>El 2026 inicia con una nueva energ\u00eda y un llamado claro: dise\u00f1ar ciudades m\u00e1s humanas, funcionales y pensadas para las personas. En MUPA\u00ae, este a\u00f1o lo recibimos con una convicci\u00f3n que hemos venido reforzando a\u00f1o tras a\u00f1o: ofrecer mobiliario y equipamiento urbano con prop\u00f3sito, que no solo ordene los espacios, sino que tambi\u00e9n los transforme &hellip; <a href=\"https:\/\/www.mupa.com.mx\/blog\/mobiliario-y-equipamiento-urbano-con-proposito-en-2026\/\">Leer m\u00e1s<\/a><\/p>\n","protected":false},"author":4,"featured_media":10198,"comment_status":"closed","ping_status":"open","sticky":false,"template":"","format":"standard","meta":[],"categories":[164],"tags":[],"yoast_head":"<!-- This site is optimized with the Yoast SEO plugin v18.3 - https:\/\/yoast.com\/wordpress\/plugins\/seo\/ -->\n<title>As\u00ed comienza 2026: Mobiliario y Equipamiento Urbano con prop\u00f3sito y visi\u00f3n - MUPA\u00ae<\/title>\n<meta name=\"description\" content=\"As\u00ed inicia 2026 con mobiliario y equipamiento urbano con prop\u00f3sito e innovaci\u00f3n para crear espacios p\u00fablicos m\u00e1s humanos y funcionales.\" \/>\n<meta name=\"robots\" content=\"index, follow, max-snippet:-1, max-image-preview:large, max-video-preview:-1\" \/>\n<link rel=\"canonical\" href=\"https:\/\/www.mupa.com.mx\/blog\/mobiliario-y-equipamiento-urbano-con-proposito-en-2026\/\" \/>\n<meta property=\"og:locale\" content=\"es_ES\" \/>\n<meta property=\"og:type\" content=\"article\" \/>\n<meta property=\"og:title\" content=\"As\u00ed comienza 2026: Mobiliario y Equipamiento Urbano con prop\u00f3sito y visi\u00f3n\" \/>\n<meta property=\"og:description\" content=\"As\u00ed inicia 2026 con mobiliario y equipamiento urbano con prop\u00f3sito e innovaci\u00f3n para crear espacios p\u00fablicos m\u00e1s humanos y funcionales.\" \/>\n<meta property=\"og:url\" content=\"https:\/\/www.mupa.com.mx\/blog\/mobiliario-y-equipamiento-urbano-con-proposito-en-2026\/\" \/>\n<meta property=\"og:site_name\" content=\"MUPA\u00ae\" \/>\n<meta property=\"article:publisher\" content=\"https:\/\/www.facebook.com\/mupa.mobiliario.urbano\/\" \/>\n<meta property=\"article:published_time\" content=\"2026-01-08T01:39:14+00:00\" \/>\n<meta property=\"article:modified_time\" content=\"2026-01-08T01:39:26+00:00\" \/>\n<meta property=\"og:image\" content=\"https:\/\/www.mupa.com.mx\/blog\/wp-content\/uploads\/2026\/01\/20251222_001_OG_1200x630_MUPA_Comienza2026.jpg\" \/>\n\t<meta property=\"og:image:width\" content=\"1200\" \/>\n\t<meta property=\"og:image:height\" content=\"630\" \/>\n\t<meta property=\"og:image:type\" content=\"image\/jpeg\" \/>\n<meta name=\"twitter:card\" content=\"summary\" \/>\n<meta name=\"twitter:title\" content=\"As\u00ed comienza 2026: Mobiliario y Equipamiento Urbano con prop\u00f3sito y visi\u00f3n\" \/>\n<meta name=\"twitter:description\" content=\"As\u00ed inicia 2026 con mobiliario y equipamiento urbano con prop\u00f3sito e innovaci\u00f3n para crear espacios p\u00fablicos m\u00e1s humanos y funcionales.\" \/>\n<meta name=\"twitter:creator\" content=\"@mupamobiliario\" \/>\n<meta name=\"twitter:site\" content=\"@mupamobiliario\" \/>\n<meta name=\"twitter:label1\" content=\"Escrito por\" \/>\n\t<meta name=\"twitter:data1\" content=\"MUPA\u00ae\" \/>\n\t<meta name=\"twitter:label2\" content=\"Tiempo de lectura\" \/>\n\t<meta name=\"twitter:data2\" content=\"3 minutos\" \/>\n<script type=\"application\/ld+json\" class=\"yoast-schema-graph\">{\"@context\":\"https:\/\/schema.org\",\"@graph\":[{\"@type\":\"Organization\",\"@id\":\"https:\/\/www.mupa.com.mx\/blog\/#organization\",\"name\":\"MUPA\",\"url\":\"https:\/\/www.mupa.com.mx\/blog\/\",\"sameAs\":[\"https:\/\/www.facebook.com\/mupa.mobiliario.urbano\/\",\"https:\/\/www.linkedin.com\/company\/mupa-mobiliario-urbano-y-producto-de-acero\",\"https:\/\/twitter.com\/mupamobiliario\"],\"logo\":{\"@type\":\"ImageObject\",\"@id\":\"https:\/\/www.mupa.com.mx\/blog\/#logo\",\"inLanguage\":\"es\",\"url\":\"https:\/\/www.mupa.com.mx\/blog\/wp-content\/uploads\/2016\/10\/LOGO-2-MUPA-2016.png\",\"contentUrl\":\"https:\/\/www.mupa.com.mx\/blog\/wp-content\/uploads\/2016\/10\/LOGO-2-MUPA-2016.png\",\"width\":227,\"height\":75,\"caption\":\"MUPA\"},\"image\":{\"@id\":\"https:\/\/www.mupa.com.mx\/blog\/#logo\"}},{\"@type\":\"WebSite\",\"@id\":\"https:\/\/www.mupa.com.mx\/blog\/#website\",\"url\":\"https:\/\/www.mupa.com.mx\/blog\/\",\"name\":\"MUPA\u00ae\",\"description\":\"Mobiliario Urbano, Fabricaci\u00f3n y Venta en M\u00e9xico\",\"publisher\":{\"@id\":\"https:\/\/www.mupa.com.mx\/blog\/#organization\"},\"potentialAction\":[{\"@type\":\"SearchAction\",\"target\":{\"@type\":\"EntryPoint\",\"urlTemplate\":\"https:\/\/www.mupa.com.mx\/blog\/?s={search_term_string}\"},\"query-input\":\"required name=search_term_string\"}],\"inLanguage\":\"es\"},{\"@type\":\"ImageObject\",\"@id\":\"https:\/\/www.mupa.com.mx\/blog\/mobiliario-y-equipamiento-urbano-con-proposito-en-2026\/#primaryimage\",\"inLanguage\":\"es\",\"url\":\"https:\/\/www.mupa.com.mx\/blog\/wp-content\/uploads\/2026\/01\/20251222_001_OG_1200x630_MUPA_Comienza2026.jpg\",\"contentUrl\":\"https:\/\/www.mupa.com.mx\/blog\/wp-content\/uploads\/2026\/01\/20251222_001_OG_1200x630_MUPA_Comienza2026.jpg\",\"width\":1200,\"height\":630,\"caption\":\"As\u00ed comienza 2026: Mobiliario y Equipamiento Urbano con prop\u00f3sito y visi\u00f3n - og\"},{\"@type\":\"WebPage\",\"@id\":\"https:\/\/www.mupa.com.mx\/blog\/mobiliario-y-equipamiento-urbano-con-proposito-en-2026\/#webpage\",\"url\":\"https:\/\/www.mupa.com.mx\/blog\/mobiliario-y-equipamiento-urbano-con-proposito-en-2026\/\",\"name\":\"As\u00ed comienza 2026: Mobiliario y Equipamiento Urbano con prop\u00f3sito y visi\u00f3n - MUPA\u00ae\",\"isPartOf\":{\"@id\":\"https:\/\/www.mupa.com.mx\/blog\/#website\"},\"primaryImageOfPage\":{\"@id\":\"https:\/\/www.mupa.com.mx\/blog\/mobiliario-y-equipamiento-urbano-con-proposito-en-2026\/#primaryimage\"},\"datePublished\":\"2026-01-08T01:39:14+00:00\",\"dateModified\":\"2026-01-08T01:39:26+00:00\",\"description\":\"As\u00ed inicia 2026 con mobiliario y equipamiento urbano con prop\u00f3sito e innovaci\u00f3n para crear espacios p\u00fablicos m\u00e1s humanos y funcionales.\",\"breadcrumb\":{\"@id\":\"https:\/\/www.mupa.com.mx\/blog\/mobiliario-y-equipamiento-urbano-con-proposito-en-2026\/#breadcrumb\"},\"inLanguage\":\"es\",\"potentialAction\":[{\"@type\":\"ReadAction\",\"target\":[\"https:\/\/www.mupa.com.mx\/blog\/mobiliario-y-equipamiento-urbano-con-proposito-en-2026\/\"]}]},{\"@type\":\"BreadcrumbList\",\"@id\":\"https:\/\/www.mupa.com.mx\/blog\/mobiliario-y-equipamiento-urbano-con-proposito-en-2026\/#breadcrumb\",\"itemListElement\":[{\"@type\":\"ListItem\",\"position\":1,\"name\":\"Portada\",\"item\":\"https:\/\/www.mupa.com.mx\/blog\/\"},{\"@type\":\"ListItem\",\"position\":2,\"name\":\"As\u00ed comienza 2026: Mobiliario y Equipamiento Urbano con prop\u00f3sito y visi\u00f3n\"}]},{\"@type\":\"Article\",\"@id\":\"https:\/\/www.mupa.com.mx\/blog\/mobiliario-y-equipamiento-urbano-con-proposito-en-2026\/#article\",\"isPartOf\":{\"@id\":\"https:\/\/www.mupa.com.mx\/blog\/mobiliario-y-equipamiento-urbano-con-proposito-en-2026\/#webpage\"},\"author\":{\"@id\":\"https:\/\/www.mupa.com.mx\/blog\/#\/schema\/person\/7ea86bfb16fb6b75fce8b8f7228b1fd8\"},\"headline\":\"As\u00ed comienza 2026: Mobiliario y Equipamiento Urbano con prop\u00f3sito y visi\u00f3n\",\"datePublished\":\"2026-01-08T01:39:14+00:00\",\"dateModified\":\"2026-01-08T01:39:26+00:00\",\"mainEntityOfPage\":{\"@id\":\"https:\/\/www.mupa.com.mx\/blog\/mobiliario-y-equipamiento-urbano-con-proposito-en-2026\/#webpage\"},\"wordCount\":614,\"publisher\":{\"@id\":\"https:\/\/www.mupa.com.mx\/blog\/#organization\"},\"image\":{\"@id\":\"https:\/\/www.mupa.com.mx\/blog\/mobiliario-y-equipamiento-urbano-con-proposito-en-2026\/#primaryimage\"},\"thumbnailUrl\":\"https:\/\/www.mupa.com.mx\/blog\/wp-content\/uploads\/2026\/01\/20251222_001_BLOG_870x395_MUPA_Comienza2026.jpg\",\"articleSection\":[\"Mobiliario Urbano\"],\"inLanguage\":\"es\"},{\"@type\":\"Person\",\"@id\":\"https:\/\/www.mupa.com.mx\/blog\/#\/schema\/person\/7ea86bfb16fb6b75fce8b8f7228b1fd8\",\"name\":\"MUPA\u00ae\",\"image\":{\"@type\":\"ImageObject\",\"@id\":\"https:\/\/www.mupa.com.mx\/blog\/#personlogo\",\"inLanguage\":\"es\",\"url\":\"https:\/\/secure.gravatar.com\/avatar\/e5eb6a8525a9dde1bd86be7c2093623b?s=96&d=mm&r=g\",\"contentUrl\":\"https:\/\/secure.gravatar.com\/avatar\/e5eb6a8525a9dde1bd86be7c2093623b?s=96&d=mm&r=g\",\"caption\":\"MUPA\u00ae\"},\"description\":\"MUPA\u00ae, orgullosa empresa mexicana, con 30 a\u00f1os de experiencia en la fabricaci\u00f3n de mobiliario urbano y productos de acero.\",\"url\":\"https:\/\/www.mupa.com.mx\/blog\/author\/mupa\/\"}]}<\/script>\n<!-- \/ Yoast SEO plugin. -->","yoast_head_json":{"title":"As\u00ed comienza 2026: Mobiliario y Equipamiento Urbano con prop\u00f3sito y visi\u00f3n - MUPA\u00ae","description":"As\u00ed inicia 2026 con mobiliario y equipamiento urbano con prop\u00f3sito e innovaci\u00f3n para crear espacios p\u00fablicos m\u00e1s humanos y funcionales.","robots":{"index":"index","follow":"follow","max-snippet":"max-snippet:-1","max-image-preview":"max-image-preview:large","max-video-preview":"max-video-preview:-1"},"canonical":"https:\/\/www.mupa.com.mx\/blog\/mobiliario-y-equipamiento-urbano-con-proposito-en-2026\/","og_locale":"es_ES","og_type":"article","og_title":"As\u00ed comienza 2026: Mobiliario y Equipamiento Urbano con prop\u00f3sito y visi\u00f3n","og_description":"As\u00ed inicia 2026 con mobiliario y equipamiento urbano con prop\u00f3sito e innovaci\u00f3n para crear espacios p\u00fablicos m\u00e1s humanos y funcionales.","og_url":"https:\/\/www.mupa.com.mx\/blog\/mobiliario-y-equipamiento-urbano-con-proposito-en-2026\/","og_site_name":"MUPA\u00ae","article_publisher":"https:\/\/www.facebook.com\/mupa.mobiliario.urbano\/","article_published_time":"2026-01-08T01:39:14+00:00","article_modified_time":"2026-01-08T01:39:26+00:00","og_image":[{"width":1200,"height":630,"url":"https:\/\/www.mupa.com.mx\/blog\/wp-content\/uploads\/2026\/01\/20251222_001_OG_1200x630_MUPA_Comienza2026.jpg","type":"image\/jpeg"}],"twitter_card":"summary","twitter_title":"As\u00ed comienza 2026: Mobiliario y Equipamiento Urbano con prop\u00f3sito y visi\u00f3n","twitter_description":"As\u00ed inicia 2026 con mobiliario y equipamiento urbano con prop\u00f3sito e innovaci\u00f3n para crear espacios p\u00fablicos m\u00e1s humanos y funcionales.","twitter_creator":"@mupamobiliario","twitter_site":"@mupamobiliario","twitter_misc":{"Escrito por":"MUPA\u00ae","Tiempo de lectura":"3 minutos"},"schema":{"@context":"https:\/\/schema.org","@graph":[{"@type":"Organization","@id":"https:\/\/www.mupa.com.mx\/blog\/#organization","name":"MUPA","url":"https:\/\/www.mupa.com.mx\/blog\/","sameAs":["https:\/\/www.facebook.com\/mupa.mobiliario.urbano\/","https:\/\/www.linkedin.com\/company\/mupa-mobiliario-urbano-y-producto-de-acero","https:\/\/twitter.com\/mupamobiliario"],"logo":{"@type":"ImageObject","@id":"https:\/\/www.mupa.com.mx\/blog\/#logo","inLanguage":"es","url":"https:\/\/www.mupa.com.mx\/blog\/wp-content\/uploads\/2016\/10\/LOGO-2-MUPA-2016.png","contentUrl":"https:\/\/www.mupa.com.mx\/blog\/wp-content\/uploads\/2016\/10\/LOGO-2-MUPA-2016.png","width":227,"height":75,"caption":"MUPA"},"image":{"@id":"https:\/\/www.mupa.com.mx\/blog\/#logo"}},{"@type":"WebSite","@id":"https:\/\/www.mupa.com.mx\/blog\/#website","url":"https:\/\/www.mupa.com.mx\/blog\/","name":"MUPA\u00ae","description":"Mobiliario Urbano, Fabricaci\u00f3n y Venta en M\u00e9xico","publisher":{"@id":"https:\/\/www.mupa.com.mx\/blog\/#organization"},"potentialAction":[{"@type":"SearchAction","target":{"@type":"EntryPoint","urlTemplate":"https:\/\/www.mupa.com.mx\/blog\/?s={search_term_string}"},"query-input":"required name=search_term_string"}],"inLanguage":"es"},{"@type":"ImageObject","@id":"https:\/\/www.mupa.com.mx\/blog\/mobiliario-y-equipamiento-urbano-con-proposito-en-2026\/#primaryimage","inLanguage":"es","url":"https:\/\/www.mupa.com.mx\/blog\/wp-content\/uploads\/2026\/01\/20251222_001_OG_1200x630_MUPA_Comienza2026.jpg","contentUrl":"https:\/\/www.mupa.com.mx\/blog\/wp-content\/uploads\/2026\/01\/20251222_001_OG_1200x630_MUPA_Comienza2026.jpg","width":1200,"height":630,"caption":"As\u00ed comienza 2026: Mobiliario y Equipamiento Urbano con prop\u00f3sito y visi\u00f3n - og"},{"@type":"WebPage","@id":"https:\/\/www.mupa.com.mx\/blog\/mobiliario-y-equipamiento-urbano-con-proposito-en-2026\/#webpage","url":"https:\/\/www.mupa.com.mx\/blog\/mobiliario-y-equipamiento-urbano-con-proposito-en-2026\/","name":"As\u00ed comienza 2026: Mobiliario y Equipamiento Urbano con prop\u00f3sito y visi\u00f3n - MUPA\u00ae","isPartOf":{"@id":"https:\/\/www.mupa.com.mx\/blog\/#website"},"primaryImageOfPage":{"@id":"https:\/\/www.mupa.com.mx\/blog\/mobiliario-y-equipamiento-urbano-con-proposito-en-2026\/#primaryimage"},"datePublished":"2026-01-08T01:39:14+00:00","dateModified":"2026-01-08T01:39:26+00:00","description":"As\u00ed inicia 2026 con mobiliario y equipamiento urbano con prop\u00f3sito e innovaci\u00f3n para crear espacios p\u00fablicos m\u00e1s humanos y funcionales.","breadcrumb":{"@id":"https:\/\/www.mupa.com.mx\/blog\/mobiliario-y-equipamiento-urbano-con-proposito-en-2026\/#breadcrumb"},"inLanguage":"es","potentialAction":[{"@type":"ReadAction","target":["https:\/\/www.mupa.com.mx\/blog\/mobiliario-y-equipamiento-urbano-con-proposito-en-2026\/"]}]},{"@type":"BreadcrumbList","@id":"https:\/\/www.mupa.com.mx\/blog\/mobiliario-y-equipamiento-urbano-con-proposito-en-2026\/#breadcrumb","itemListElement":[{"@type":"ListItem","position":1,"name":"Portada","item":"https:\/\/www.mupa.com.mx\/blog\/"},{"@type":"ListItem","position":2,"name":"As\u00ed comienza 2026: Mobiliario y Equipamiento Urbano con prop\u00f3sito y visi\u00f3n"}]},{"@type":"Article","@id":"https:\/\/www.mupa.com.mx\/blog\/mobiliario-y-equipamiento-urbano-con-proposito-en-2026\/#article","isPartOf":{"@id":"https:\/\/www.mupa.com.mx\/blog\/mobiliario-y-equipamiento-urbano-con-proposito-en-2026\/#webpage"},"author":{"@id":"https:\/\/www.mupa.com.mx\/blog\/#\/schema\/person\/7ea86bfb16fb6b75fce8b8f7228b1fd8"},"headline":"As\u00ed comienza 2026: Mobiliario y Equipamiento Urbano con prop\u00f3sito y visi\u00f3n","datePublished":"2026-01-08T01:39:14+00:00","dateModified":"2026-01-08T01:39:26+00:00","mainEntityOfPage":{"@id":"https:\/\/www.mupa.com.mx\/blog\/mobiliario-y-equipamiento-urbano-con-proposito-en-2026\/#webpage"},"wordCount":614,"publisher":{"@id":"https:\/\/www.mupa.com.mx\/blog\/#organization"},"image":{"@id":"https:\/\/www.mupa.com.mx\/blog\/mobiliario-y-equipamiento-urbano-con-proposito-en-2026\/#primaryimage"},"thumbnailUrl":"https:\/\/www.mupa.com.mx\/blog\/wp-content\/uploads\/2026\/01\/20251222_001_BLOG_870x395_MUPA_Comienza2026.jpg","articleSection":["Mobiliario Urbano"],"inLanguage":"es"},{"@type":"Person","@id":"https:\/\/www.mupa.com.mx\/blog\/#\/schema\/person\/7ea86bfb16fb6b75fce8b8f7228b1fd8","name":"MUPA\u00ae","image":{"@type":"ImageObject","@id":"https:\/\/www.mupa.com.mx\/blog\/#personlogo","inLanguage":"es","url":"https:\/\/secure.gravatar.com\/avatar\/e5eb6a8525a9dde1bd86be7c2093623b?s=96&d=mm&r=g","contentUrl":"https:\/\/secure.gravatar.com\/avatar\/e5eb6a8525a9dde1bd86be7c2093623b?s=96&d=mm&r=g","caption":"MUPA\u00ae"},"description":"MUPA\u00ae, orgullosa empresa mexicana, con 30 a\u00f1os de experiencia en la fabricaci\u00f3n de mobiliario urbano y productos de acero.","url":"https:\/\/www.mupa.com.mx\/blog\/author\/mupa\/"}]}},"_links":{"self":[{"href":"https:\/\/www.mupa.com.mx\/blog\/wp-json\/wp\/v2\/posts\/10197"}],"collection":[{"href":"https:\/\/www.mupa.com.mx\/blog\/wp-json\/wp\/v2\/posts"}],"about":[{"href":"https:\/\/www.mupa.com.mx\/blog\/wp-json\/wp\/v2\/types\/post"}],"author":[{"embeddable":true,"href":"https:\/\/www.mupa.com.mx\/blog\/wp-json\/wp\/v2\/users\/4"}],"replies":[{"embeddable":true,"href":"https:\/\/www.mupa.com.mx\/blog\/wp-json\/wp\/v2\/comments?post=10197"}],"version-history":[{"count":2,"href":"https:\/\/www.mupa.com.mx\/blog\/wp-json\/wp\/v2\/posts\/10197\/revisions"}],"predecessor-version":[{"id":10201,"href":"https:\/\/www.mupa.com.mx\/blog\/wp-json\/wp\/v2\/posts\/10197\/revisions\/10201"}],"wp:featuredmedia":[{"embeddable":true,"href":"https:\/\/www.mupa.com.mx\/blog\/wp-json\/wp\/v2\/media\/10198"}],"wp:attachment":[{"href":"https:\/\/www.mupa.com.mx\/blog\/wp-json\/wp\/v2\/media?parent=10197"}],"wp:term":[{"taxonomy":"category","embeddable":true,"href":"https:\/\/www.mupa.com.mx\/blog\/wp-json\/wp\/v2\/categories?post=10197"},{"taxonomy":"post_tag","embeddable":true,"href":"https:\/\/www.mupa.com.mx\/blog\/wp-json\/wp\/v2\/tags?post=10197"}],"curies":[{"name":"wp","href":"https:\/\/api.w.org\/{rel}","templated":true}]}}