{"id":7679,"date":"2020-04-14T02:44:02","date_gmt":"2020-04-14T02:44:02","guid":{"rendered":"https:\/\/www.mupa.com.mx\/?p=7679"},"modified":"2023-10-26T18:55:32","modified_gmt":"2023-10-26T18:55:32","slug":"por-que-cierran-los-parques-y-lugares-publicos-en-cuarentena","status":"publish","type":"post","link":"https:\/\/www.mupa.com.mx\/blog\/por-que-cierran-los-parques-y-lugares-publicos-en-cuarentena\/","title":{"rendered":"Por qu\u00e9 cierran los parques y lugares p\u00fablicos en cuarentena"},"content":{"rendered":"<p>Hemos visto que los parques han cerrado debido a la pandemia de COVID-19, pero muchas personas se preguntan \u00bfpor qu\u00e9 ocurre esto?<!--more--> En MUPA\u00ae queremos explicarles los motivos por los cuales se toman estas decisiones de una forma corta y sencilla para que todos estemos enterados. <\/p>\n<p>Estamos viviendo en una \u00e9poca de aislamiento social, recomendada por las instituciones de salud internacionales y locales, como la OMS y Secretar\u00eda de Salud, que no debe ser confundida con vacaciones. La decisi\u00f3n de enviar a los peque\u00f1os y a mucha gente a casa es principalmente para evitar demasiados contagios en un periodo corto de tiempo tal que el Sector de Salud no pudiera atender a la vez para los recursos con que cuenta y colapsar.<\/p>\n<p>Las medidas tomadas por autoridades para cerrar parques y otras \u00e1reas p\u00fablicas son principalmente para reducir la velocidad de contagios y cuidar a personas que, por sus caracter\u00edsticas de edad o condiciones de salud preexistentes tengan altas probabilidades de contraer COVID-19.<\/p>\n<h2>\u00bfC\u00f3mo puede influir un parque en la propagaci\u00f3n del COVID-19?<\/h2>\n<p>Como mucho se ha difundido, un medio de transmisi\u00f3n muy com\u00fan son las manos. Una persona que pudo tener el virus, a\u00fan siendo asintom\u00e1tica, al tocar alguna superficie puede dejar rastros de este y la siguiente persona que toca la misma superficie pr\u00e1cticamente est\u00e1 captando tambi\u00e9n el virus, si lo hace en las horas posteriores al contacto de riesgo. <\/p>\n<p>Por eso es tan importante el continuo lavado de manos y sobre todo no tocarse la cara, en especial ojos, nariz y boca, cuyas mucosas son superficies de pronta absorci\u00f3n. <\/p>\n<p>En los parques que tienen juegos para ni\u00f1os y diverso mobiliario urbano, el virus puede quedar activo en ocasiones hasta por varios d\u00edas. Al ser un lugar p\u00fablico, un parque puede recibir hasta m\u00e1s de 1,000 visitas al d\u00eda. \u00bfTe imaginas que una persona infectada por COVID-19, que no ha mostrado s\u00edntomas, haya usado la misma banca en la que t\u00fa te sientas? Hay probabilidad de que te lleves el virus a casa y puedes ir propag\u00e1ndolo sin t\u00fa siquiera llegar a saberlo.<\/p>\n<p>En lugares p\u00fablicos cerrados ocurre exactamente lo mismo. Adem\u00e1s, la viabilidad del virus en el aire es de 2 a 4 horas. Esto quiere decir, que si una persona que a\u00fan no muestra s\u00edntomas de COVID-19 se encuentra en un \u00e1rea cerrada y de pronto estornuda, al no tener circulaci\u00f3n el aire el virus puede mantenerse activo e infectar a alguna persona que no cuente con un sistema inmunol\u00f3gico fuerte.<\/p>\n<p>Es por este motivo que las \u00e1reas comunes y no ventiladas deben cerrar sus puertas, para disminuir la propagaci\u00f3n. <\/p>\n<p>Para ayudar a cumplir con el objetivo, es necesario que todos los que tengamos la oportunidad de quedarnos en casa lo hagamos y dejemos los espacios comunes libres, con una distancia de seguridad adecuada para las personas que deben continuar saliendo. <\/p>\n<p><strong>S\u00edguenos en redes sociales para m\u00e1s consejos durante esta cuarentena<\/strong><\/p>\n<p><\/p>\n","protected":false},"excerpt":{"rendered":"<p>Hemos visto que los parques han cerrado debido a la pandemia de COVID-19, pero muchas personas se preguntan \u00bfpor qu\u00e9 ocurre esto?<\/p>\n","protected":false},"author":4,"featured_media":7680,"comment_status":"open","ping_status":"open","sticky":false,"template":"","format":"standard","meta":[],"categories":[164,249],"tags":[108],"yoast_head":"<!-- This site is optimized with the Yoast SEO plugin v18.3 - https:\/\/yoast.com\/wordpress\/plugins\/seo\/ -->\n<title>Por qu\u00e9 cierran los parques y lugares p\u00fablicos en cuarentena - MUPA\u00ae<\/title>\n<meta name=\"robots\" content=\"index, follow, max-snippet:-1, max-image-preview:large, max-video-preview:-1\" \/>\n<link rel=\"canonical\" href=\"https:\/\/www.mupa.com.mx\/blog\/por-que-cierran-los-parques-y-lugares-publicos-en-cuarentena\/\" \/>\n<meta property=\"og:locale\" content=\"es_ES\" \/>\n<meta property=\"og:type\" content=\"article\" \/>\n<meta property=\"og:title\" content=\"Por qu\u00e9 cierran los parques y lugares p\u00fablicos en cuarentena\" \/>\n<meta property=\"og:description\" content=\"Hemos visto que los parques han cerrado debido a la pandemia de COVID-19, pero muchas personas se preguntan \u00bfpor qu\u00e9 ocurre esto?\" \/>\n<meta property=\"og:url\" content=\"https:\/\/www.mupa.com.mx\/blog\/por-que-cierran-los-parques-y-lugares-publicos-en-cuarentena\/\" \/>\n<meta property=\"og:site_name\" content=\"MUPA\u00ae\" \/>\n<meta property=\"article:publisher\" content=\"https:\/\/www.facebook.com\/mupa.mobiliario.urbano\/\" \/>\n<meta property=\"article:published_time\" content=\"2020-04-14T02:44:02+00:00\" \/>\n<meta property=\"article:modified_time\" content=\"2023-10-26T18:55:32+00:00\" \/>\n<meta property=\"og:image\" content=\"https:\/\/www.mupa.com.mx\/blog\/wp-content\/uploads\/2020\/04\/og-cierre-de-parques-en-cuarentena-mupa.jpg\" \/>\n\t<meta property=\"og:image:width\" content=\"1200\" \/>\n\t<meta property=\"og:image:height\" content=\"630\" \/>\n\t<meta property=\"og:image:type\" content=\"image\/jpeg\" \/>\n<meta name=\"twitter:card\" content=\"summary\" \/>\n<meta name=\"twitter:title\" content=\"Por qu\u00e9 cierran los parques y lugares p\u00fablicos en cuarentena\" \/>\n<meta name=\"twitter:image\" content=\"https:\/\/www.mupa.com.mx\/blog\/wp-content\/uploads\/2020\/04\/og-cierre-de-parques-en-cuarentena-mupa.jpg\" \/>\n<meta name=\"twitter:creator\" content=\"@mupamobiliario\" \/>\n<meta name=\"twitter:site\" content=\"@mupamobiliario\" \/>\n<meta name=\"twitter:label1\" content=\"Escrito por\" \/>\n\t<meta name=\"twitter:data1\" content=\"MUPA\u00ae\" \/>\n\t<meta name=\"twitter:label2\" content=\"Tiempo de lectura\" \/>\n\t<meta name=\"twitter:data2\" content=\"3 minutos\" \/>\n<script type=\"application\/ld+json\" class=\"yoast-schema-graph\">{\"@context\":\"https:\/\/schema.org\",\"@graph\":[{\"@type\":\"Organization\",\"@id\":\"https:\/\/www.mupa.com.mx\/blog\/#organization\",\"name\":\"MUPA\",\"url\":\"https:\/\/www.mupa.com.mx\/blog\/\",\"sameAs\":[\"https:\/\/www.facebook.com\/mupa.mobiliario.urbano\/\",\"https:\/\/www.linkedin.com\/company\/mupa-mobiliario-urbano-y-producto-de-acero\",\"https:\/\/twitter.com\/mupamobiliario\"],\"logo\":{\"@type\":\"ImageObject\",\"@id\":\"https:\/\/www.mupa.com.mx\/blog\/#logo\",\"inLanguage\":\"es\",\"url\":\"https:\/\/www.mupa.com.mx\/blog\/wp-content\/uploads\/2016\/10\/LOGO-2-MUPA-2016.png\",\"contentUrl\":\"https:\/\/www.mupa.com.mx\/blog\/wp-content\/uploads\/2016\/10\/LOGO-2-MUPA-2016.png\",\"width\":227,\"height\":75,\"caption\":\"MUPA\"},\"image\":{\"@id\":\"https:\/\/www.mupa.com.mx\/blog\/#logo\"}},{\"@type\":\"WebSite\",\"@id\":\"https:\/\/www.mupa.com.mx\/blog\/#website\",\"url\":\"https:\/\/www.mupa.com.mx\/blog\/\",\"name\":\"MUPA\u00ae\",\"description\":\"Mobiliario Urbano, Fabricaci\u00f3n y Venta en M\u00e9xico\",\"publisher\":{\"@id\":\"https:\/\/www.mupa.com.mx\/blog\/#organization\"},\"potentialAction\":[{\"@type\":\"SearchAction\",\"target\":{\"@type\":\"EntryPoint\",\"urlTemplate\":\"https:\/\/www.mupa.com.mx\/blog\/?s={search_term_string}\"},\"query-input\":\"required name=search_term_string\"}],\"inLanguage\":\"es\"},{\"@type\":\"ImageObject\",\"@id\":\"https:\/\/www.mupa.com.mx\/blog\/por-que-cierran-los-parques-y-lugares-publicos-en-cuarentena\/#primaryimage\",\"inLanguage\":\"es\",\"url\":\"https:\/\/www.mupa.com.mx\/blog\/wp-content\/uploads\/2020\/04\/og-cierre-de-parques-en-cuarentena-mupa.jpg\",\"contentUrl\":\"https:\/\/www.mupa.com.mx\/blog\/wp-content\/uploads\/2020\/04\/og-cierre-de-parques-en-cuarentena-mupa.jpg\",\"width\":1200,\"height\":630},{\"@type\":\"WebPage\",\"@id\":\"https:\/\/www.mupa.com.mx\/blog\/por-que-cierran-los-parques-y-lugares-publicos-en-cuarentena\/#webpage\",\"url\":\"https:\/\/www.mupa.com.mx\/blog\/por-que-cierran-los-parques-y-lugares-publicos-en-cuarentena\/\",\"name\":\"Por qu\u00e9 cierran los parques y lugares p\u00fablicos en cuarentena - MUPA\u00ae\",\"isPartOf\":{\"@id\":\"https:\/\/www.mupa.com.mx\/blog\/#website\"},\"primaryImageOfPage\":{\"@id\":\"https:\/\/www.mupa.com.mx\/blog\/por-que-cierran-los-parques-y-lugares-publicos-en-cuarentena\/#primaryimage\"},\"datePublished\":\"2020-04-14T02:44:02+00:00\",\"dateModified\":\"2023-10-26T18:55:32+00:00\",\"breadcrumb\":{\"@id\":\"https:\/\/www.mupa.com.mx\/blog\/por-que-cierran-los-parques-y-lugares-publicos-en-cuarentena\/#breadcrumb\"},\"inLanguage\":\"es\",\"potentialAction\":[{\"@type\":\"ReadAction\",\"target\":[\"https:\/\/www.mupa.com.mx\/blog\/por-que-cierran-los-parques-y-lugares-publicos-en-cuarentena\/\"]}]},{\"@type\":\"BreadcrumbList\",\"@id\":\"https:\/\/www.mupa.com.mx\/blog\/por-que-cierran-los-parques-y-lugares-publicos-en-cuarentena\/#breadcrumb\",\"itemListElement\":[{\"@type\":\"ListItem\",\"position\":1,\"name\":\"Portada\",\"item\":\"https:\/\/www.mupa.com.mx\/blog\/\"},{\"@type\":\"ListItem\",\"position\":2,\"name\":\"Por qu\u00e9 cierran los parques y lugares p\u00fablicos en cuarentena\"}]},{\"@type\":\"Article\",\"@id\":\"https:\/\/www.mupa.com.mx\/blog\/por-que-cierran-los-parques-y-lugares-publicos-en-cuarentena\/#article\",\"isPartOf\":{\"@id\":\"https:\/\/www.mupa.com.mx\/blog\/por-que-cierran-los-parques-y-lugares-publicos-en-cuarentena\/#webpage\"},\"author\":{\"@id\":\"https:\/\/www.mupa.com.mx\/blog\/#\/schema\/person\/7ea86bfb16fb6b75fce8b8f7228b1fd8\"},\"headline\":\"Por qu\u00e9 cierran los parques y lugares p\u00fablicos en cuarentena\",\"datePublished\":\"2020-04-14T02:44:02+00:00\",\"dateModified\":\"2023-10-26T18:55:32+00:00\",\"mainEntityOfPage\":{\"@id\":\"https:\/\/www.mupa.com.mx\/blog\/por-que-cierran-los-parques-y-lugares-publicos-en-cuarentena\/#webpage\"},\"wordCount\":523,\"commentCount\":0,\"publisher\":{\"@id\":\"https:\/\/www.mupa.com.mx\/blog\/#organization\"},\"image\":{\"@id\":\"https:\/\/www.mupa.com.mx\/blog\/por-que-cierran-los-parques-y-lugares-publicos-en-cuarentena\/#primaryimage\"},\"thumbnailUrl\":\"https:\/\/www.mupa.com.mx\/blog\/wp-content\/uploads\/2020\/04\/blog-cierre-de-parques-en-cuarentena-mupa.jpg\",\"keywords\":[\"Mobiliario Urbano\"],\"articleSection\":[\"Mobiliario Urbano\",\"MUPA\"],\"inLanguage\":\"es\",\"potentialAction\":[{\"@type\":\"CommentAction\",\"name\":\"Comment\",\"target\":[\"https:\/\/www.mupa.com.mx\/blog\/por-que-cierran-los-parques-y-lugares-publicos-en-cuarentena\/#respond\"]}]},{\"@type\":\"Person\",\"@id\":\"https:\/\/www.mupa.com.mx\/blog\/#\/schema\/person\/7ea86bfb16fb6b75fce8b8f7228b1fd8\",\"name\":\"MUPA\u00ae\",\"image\":{\"@type\":\"ImageObject\",\"@id\":\"https:\/\/www.mupa.com.mx\/blog\/#personlogo\",\"inLanguage\":\"es\",\"url\":\"https:\/\/secure.gravatar.com\/avatar\/e5eb6a8525a9dde1bd86be7c2093623b?s=96&d=mm&r=g\",\"contentUrl\":\"https:\/\/secure.gravatar.com\/avatar\/e5eb6a8525a9dde1bd86be7c2093623b?s=96&d=mm&r=g\",\"caption\":\"MUPA\u00ae\"},\"description\":\"MUPA\u00ae, orgullosa empresa mexicana, con 30 a\u00f1os de experiencia en la fabricaci\u00f3n de mobiliario urbano y productos de acero.\",\"url\":\"https:\/\/www.mupa.com.mx\/blog\/author\/mupa\/\"}]}<\/script>\n<!-- \/ Yoast SEO plugin. -->","yoast_head_json":{"title":"Por qu\u00e9 cierran los parques y lugares p\u00fablicos en cuarentena - MUPA\u00ae","robots":{"index":"index","follow":"follow","max-snippet":"max-snippet:-1","max-image-preview":"max-image-preview:large","max-video-preview":"max-video-preview:-1"},"canonical":"https:\/\/www.mupa.com.mx\/blog\/por-que-cierran-los-parques-y-lugares-publicos-en-cuarentena\/","og_locale":"es_ES","og_type":"article","og_title":"Por qu\u00e9 cierran los parques y lugares p\u00fablicos en cuarentena","og_description":"Hemos visto que los parques han cerrado debido a la pandemia de COVID-19, pero muchas personas se preguntan \u00bfpor qu\u00e9 ocurre esto?","og_url":"https:\/\/www.mupa.com.mx\/blog\/por-que-cierran-los-parques-y-lugares-publicos-en-cuarentena\/","og_site_name":"MUPA\u00ae","article_publisher":"https:\/\/www.facebook.com\/mupa.mobiliario.urbano\/","article_published_time":"2020-04-14T02:44:02+00:00","article_modified_time":"2023-10-26T18:55:32+00:00","og_image":[{"width":1200,"height":630,"url":"https:\/\/www.mupa.com.mx\/blog\/wp-content\/uploads\/2020\/04\/og-cierre-de-parques-en-cuarentena-mupa.jpg","type":"image\/jpeg"}],"twitter_card":"summary","twitter_title":"Por qu\u00e9 cierran los parques y lugares p\u00fablicos en cuarentena","twitter_image":"https:\/\/www.mupa.com.mx\/blog\/wp-content\/uploads\/2020\/04\/og-cierre-de-parques-en-cuarentena-mupa.jpg","twitter_creator":"@mupamobiliario","twitter_site":"@mupamobiliario","twitter_misc":{"Escrito por":"MUPA\u00ae","Tiempo de lectura":"3 minutos"},"schema":{"@context":"https:\/\/schema.org","@graph":[{"@type":"Organization","@id":"https:\/\/www.mupa.com.mx\/blog\/#organization","name":"MUPA","url":"https:\/\/www.mupa.com.mx\/blog\/","sameAs":["https:\/\/www.facebook.com\/mupa.mobiliario.urbano\/","https:\/\/www.linkedin.com\/company\/mupa-mobiliario-urbano-y-producto-de-acero","https:\/\/twitter.com\/mupamobiliario"],"logo":{"@type":"ImageObject","@id":"https:\/\/www.mupa.com.mx\/blog\/#logo","inLanguage":"es","url":"https:\/\/www.mupa.com.mx\/blog\/wp-content\/uploads\/2016\/10\/LOGO-2-MUPA-2016.png","contentUrl":"https:\/\/www.mupa.com.mx\/blog\/wp-content\/uploads\/2016\/10\/LOGO-2-MUPA-2016.png","width":227,"height":75,"caption":"MUPA"},"image":{"@id":"https:\/\/www.mupa.com.mx\/blog\/#logo"}},{"@type":"WebSite","@id":"https:\/\/www.mupa.com.mx\/blog\/#website","url":"https:\/\/www.mupa.com.mx\/blog\/","name":"MUPA\u00ae","description":"Mobiliario Urbano, Fabricaci\u00f3n y Venta en M\u00e9xico","publisher":{"@id":"https:\/\/www.mupa.com.mx\/blog\/#organization"},"potentialAction":[{"@type":"SearchAction","target":{"@type":"EntryPoint","urlTemplate":"https:\/\/www.mupa.com.mx\/blog\/?s={search_term_string}"},"query-input":"required name=search_term_string"}],"inLanguage":"es"},{"@type":"ImageObject","@id":"https:\/\/www.mupa.com.mx\/blog\/por-que-cierran-los-parques-y-lugares-publicos-en-cuarentena\/#primaryimage","inLanguage":"es","url":"https:\/\/www.mupa.com.mx\/blog\/wp-content\/uploads\/2020\/04\/og-cierre-de-parques-en-cuarentena-mupa.jpg","contentUrl":"https:\/\/www.mupa.com.mx\/blog\/wp-content\/uploads\/2020\/04\/og-cierre-de-parques-en-cuarentena-mupa.jpg","width":1200,"height":630},{"@type":"WebPage","@id":"https:\/\/www.mupa.com.mx\/blog\/por-que-cierran-los-parques-y-lugares-publicos-en-cuarentena\/#webpage","url":"https:\/\/www.mupa.com.mx\/blog\/por-que-cierran-los-parques-y-lugares-publicos-en-cuarentena\/","name":"Por qu\u00e9 cierran los parques y lugares p\u00fablicos en cuarentena - MUPA\u00ae","isPartOf":{"@id":"https:\/\/www.mupa.com.mx\/blog\/#website"},"primaryImageOfPage":{"@id":"https:\/\/www.mupa.com.mx\/blog\/por-que-cierran-los-parques-y-lugares-publicos-en-cuarentena\/#primaryimage"},"datePublished":"2020-04-14T02:44:02+00:00","dateModified":"2023-10-26T18:55:32+00:00","breadcrumb":{"@id":"https:\/\/www.mupa.com.mx\/blog\/por-que-cierran-los-parques-y-lugares-publicos-en-cuarentena\/#breadcrumb"},"inLanguage":"es","potentialAction":[{"@type":"ReadAction","target":["https:\/\/www.mupa.com.mx\/blog\/por-que-cierran-los-parques-y-lugares-publicos-en-cuarentena\/"]}]},{"@type":"BreadcrumbList","@id":"https:\/\/www.mupa.com.mx\/blog\/por-que-cierran-los-parques-y-lugares-publicos-en-cuarentena\/#breadcrumb","itemListElement":[{"@type":"ListItem","position":1,"name":"Portada","item":"https:\/\/www.mupa.com.mx\/blog\/"},{"@type":"ListItem","position":2,"name":"Por qu\u00e9 cierran los parques y lugares p\u00fablicos en cuarentena"}]},{"@type":"Article","@id":"https:\/\/www.mupa.com.mx\/blog\/por-que-cierran-los-parques-y-lugares-publicos-en-cuarentena\/#article","isPartOf":{"@id":"https:\/\/www.mupa.com.mx\/blog\/por-que-cierran-los-parques-y-lugares-publicos-en-cuarentena\/#webpage"},"author":{"@id":"https:\/\/www.mupa.com.mx\/blog\/#\/schema\/person\/7ea86bfb16fb6b75fce8b8f7228b1fd8"},"headline":"Por qu\u00e9 cierran los parques y lugares p\u00fablicos en cuarentena","datePublished":"2020-04-14T02:44:02+00:00","dateModified":"2023-10-26T18:55:32+00:00","mainEntityOfPage":{"@id":"https:\/\/www.mupa.com.mx\/blog\/por-que-cierran-los-parques-y-lugares-publicos-en-cuarentena\/#webpage"},"wordCount":523,"commentCount":0,"publisher":{"@id":"https:\/\/www.mupa.com.mx\/blog\/#organization"},"image":{"@id":"https:\/\/www.mupa.com.mx\/blog\/por-que-cierran-los-parques-y-lugares-publicos-en-cuarentena\/#primaryimage"},"thumbnailUrl":"https:\/\/www.mupa.com.mx\/blog\/wp-content\/uploads\/2020\/04\/blog-cierre-de-parques-en-cuarentena-mupa.jpg","keywords":["Mobiliario Urbano"],"articleSection":["Mobiliario Urbano","MUPA"],"inLanguage":"es","potentialAction":[{"@type":"CommentAction","name":"Comment","target":["https:\/\/www.mupa.com.mx\/blog\/por-que-cierran-los-parques-y-lugares-publicos-en-cuarentena\/#respond"]}]},{"@type":"Person","@id":"https:\/\/www.mupa.com.mx\/blog\/#\/schema\/person\/7ea86bfb16fb6b75fce8b8f7228b1fd8","name":"MUPA\u00ae","image":{"@type":"ImageObject","@id":"https:\/\/www.mupa.com.mx\/blog\/#personlogo","inLanguage":"es","url":"https:\/\/secure.gravatar.com\/avatar\/e5eb6a8525a9dde1bd86be7c2093623b?s=96&d=mm&r=g","contentUrl":"https:\/\/secure.gravatar.com\/avatar\/e5eb6a8525a9dde1bd86be7c2093623b?s=96&d=mm&r=g","caption":"MUPA\u00ae"},"description":"MUPA\u00ae, orgullosa empresa mexicana, con 30 a\u00f1os de experiencia en la fabricaci\u00f3n de mobiliario urbano y productos de acero.","url":"https:\/\/www.mupa.com.mx\/blog\/author\/mupa\/"}]}},"_links":{"self":[{"href":"https:\/\/www.mupa.com.mx\/blog\/wp-json\/wp\/v2\/posts\/7679"}],"collection":[{"href":"https:\/\/www.mupa.com.mx\/blog\/wp-json\/wp\/v2\/posts"}],"about":[{"href":"https:\/\/www.mupa.com.mx\/blog\/wp-json\/wp\/v2\/types\/post"}],"author":[{"embeddable":true,"href":"https:\/\/www.mupa.com.mx\/blog\/wp-json\/wp\/v2\/users\/4"}],"replies":[{"embeddable":true,"href":"https:\/\/www.mupa.com.mx\/blog\/wp-json\/wp\/v2\/comments?post=7679"}],"version-history":[{"count":1,"href":"https:\/\/www.mupa.com.mx\/blog\/wp-json\/wp\/v2\/posts\/7679\/revisions"}],"predecessor-version":[{"id":9314,"href":"https:\/\/www.mupa.com.mx\/blog\/wp-json\/wp\/v2\/posts\/7679\/revisions\/9314"}],"wp:featuredmedia":[{"embeddable":true,"href":"https:\/\/www.mupa.com.mx\/blog\/wp-json\/wp\/v2\/media\/7680"}],"wp:attachment":[{"href":"https:\/\/www.mupa.com.mx\/blog\/wp-json\/wp\/v2\/media?parent=7679"}],"wp:term":[{"taxonomy":"category","embeddable":true,"href":"https:\/\/www.mupa.com.mx\/blog\/wp-json\/wp\/v2\/categories?post=7679"},{"taxonomy":"post_tag","embeddable":true,"href":"https:\/\/www.mupa.com.mx\/blog\/wp-json\/wp\/v2\/tags?post=7679"}],"curies":[{"name":"wp","href":"https:\/\/api.w.org\/{rel}","templated":true}]}}