{"id":8612,"date":"2021-09-07T19:17:39","date_gmt":"2021-09-07T19:17:39","guid":{"rendered":"https:\/\/www.mupa.com.mx\/blog\/?p=8612"},"modified":"2021-09-10T15:03:52","modified_gmt":"2021-09-10T15:03:52","slug":"mupa-mobiliario-urbano-y-equipamiento-festeja-su-aniversario","status":"publish","type":"post","link":"https:\/\/www.mupa.com.mx\/blog\/mupa-mobiliario-urbano-y-equipamiento-festeja-su-aniversario\/","title":{"rendered":"\u00a1MUPA\u00ae Mobiliario Urbano y Equipamiento festeja su Aniversario!"},"content":{"rendered":"<h2 class=\"color-verde\">\u00a1MUPA\u00ae Mobiliario Urbano y Equipamiento, cumple 33 a\u00f1os!<\/h2>\n<p>Estamos muy felices y agradecidos con todos nuestros clientes, equipo laboral, proveedores y amigos, por permitirnos ofrecer un a\u00f1o m\u00e1s nuestro <strong>Mobiliario Urbano y Equipamiento<\/strong> para sus proyectos urbanos.<!--more--><\/p>\n<p>Orgullosamente podemos decir hoy, que somos pioneros de la <strong>fabricaci\u00f3n de Mobiliario Urbano<\/strong> y l\u00edderes en el mercado mexicano, a pesar de las grandes adversidades que hemos atravesado a nivel mundial por la aparici\u00f3n de la enfermedad Covid-19.<\/p>\n<p>Desde finales de 2019, hasta hoy, la poblaci\u00f3n, a nivel mundial, sufri\u00f3 grandes e importantes cambios debido a la llegada del virus SARS-CoV-2. Entre estos cambios, hemos sido testigos del infortunio que tuvieron que vivir muchos lugares recreativos e industrias, que no lograron sobrevivir la pandemia y se vieron obligados a cerrar sus puertas, afectando de esta forma a miles de familias que vivieron \u201cefecto domin\u00f3\u201d y perdieron sus puestos de trabajo.<\/p>\n<p>En <strong>MUPA\u00ae Mobiliario Urbano y Equipamiento<\/strong>, tambi\u00e9n vivimos momentos muy dif\u00edciles, pero gracias a todo nuestro equipo laboral, clientes y proveedores, hemos podido salir avantes y continuamos esforz\u00e1ndonos d\u00eda a d\u00eda para ofrecer Mobiliario Urbano de calidad y tambi\u00e9n sumar a nuestra familia de productos la nueva <strong>L\u00ednea ProSalud<\/strong>, que est\u00e1 enfocada principalmente a dar respuesta a la necesidad de protecci\u00f3n para evitar la propagaci\u00f3n de le enfermedad Covid-19.<\/p>\n<p><strong>Adem\u00e1s de la creaci\u00f3n de nuestra nueva l\u00ednea y fabricaci\u00f3n de Mobiliario Urbano, tambi\u00e9n ofrecemos:<\/strong><\/p>\n<p>&#8211; Fabricaci\u00f3n de y Comercializaci\u00f3n de Juego Infantiles y Ejercitadores al aire libre<br \/>\n&#8211; Desarrollo de conceptos y productos para parques, edificios p\u00fablicos, conjuntos residenciales y comerciales<br \/>\n&#8211; Asesor\u00eda en el sembrado de mobiliario y equipamiento urbano para parques, jardines y espacios urbanos<br \/>\n&#8211; Aplicaci\u00f3n de logo o identidad del cliente sobre el Mobiliario Urbano<br \/>\n&#8211; Entrega en toda la Rep\u00fablica Mexicana<\/p>\n<p>\u00a1Gracias por permitirnos formar parte de sus proyectos, un a\u00f1o m\u00e1s, para mejorar el <strong>urbanismo en M\u00e9xico<\/strong>!<\/p>\n<p>\u00a1Pero eso no es todo, tambi\u00e9n celebramos nuestro aniversario con el lanzamiento de varios nuevos productos y con un nuevo Cat\u00e1logo Electr\u00f3nico que estar\u00e1 listo a finales de este mes de septiembre!<\/p>\n<p>Si est\u00e1s interesado en conocer m\u00e1s sobre nuestros nuevos productos, ponte en contacto con nosotros haciendo , o bien, llamando al <a class=\"color-verde\" href=\"tel:55 5095 1848\">55 5095 1848<\/a>, <a class=\"color-verde\" href=\"tel:55 5087 8802\">55 5087 8802<\/a> y con mucho gusto un ejecutivo podr\u00e1 brindarte m\u00e1s informaci\u00f3n.<\/p>\n","protected":false},"excerpt":{"rendered":"<p>\u00a1MUPA\u00ae Mobiliario Urbano y Equipamiento, cumple 33 a\u00f1os! Estamos muy felices y agradecidos con todos nuestros clientes, equipo laboral, proveedores y amigos, por permitirnos ofrecer un a\u00f1o m\u00e1s nuestro Mobiliario Urbano y Equipamiento para sus proyectos urbanos.<\/p>\n","protected":false},"author":4,"featured_media":8618,"comment_status":"open","ping_status":"open","sticky":false,"template":"","format":"standard","meta":[],"categories":[164],"tags":[108,285],"yoast_head":"<!-- This site is optimized with the Yoast SEO plugin v18.3 - https:\/\/yoast.com\/wordpress\/plugins\/seo\/ -->\n<title>\u00a1MUPA\u00ae Mobiliario Urbano y Equipamiento festeja su Aniversario!<\/title>\n<meta name=\"robots\" content=\"index, follow, max-snippet:-1, max-image-preview:large, max-video-preview:-1\" \/>\n<link rel=\"canonical\" href=\"https:\/\/www.mupa.com.mx\/blog\/mupa-mobiliario-urbano-y-equipamiento-festeja-su-aniversario\/\" \/>\n<meta property=\"og:locale\" content=\"es_ES\" \/>\n<meta property=\"og:type\" content=\"article\" \/>\n<meta property=\"og:title\" content=\"\u00a1MUPA\u00ae Mobiliario Urbano y Equipamiento festeja su Aniversario!\" \/>\n<meta property=\"og:description\" content=\"\u00a1MUPA\u00ae Mobiliario Urbano y Equipamiento, cumple 33 a\u00f1os! Estamos muy felices y agradecidos con todos nuestros clientes, equipo laboral, proveedores y amigos, por permitirnos ofrecer un a\u00f1o m\u00e1s nuestro Mobiliario Urbano y Equipamiento para sus proyectos urbanos.\" \/>\n<meta property=\"og:url\" content=\"https:\/\/www.mupa.com.mx\/blog\/mupa-mobiliario-urbano-y-equipamiento-festeja-su-aniversario\/\" \/>\n<meta property=\"og:site_name\" content=\"MUPA\u00ae\" \/>\n<meta property=\"article:publisher\" content=\"https:\/\/www.facebook.com\/mupa.mobiliario.urbano\/\" \/>\n<meta property=\"article:published_time\" content=\"2021-09-07T19:17:39+00:00\" \/>\n<meta property=\"article:modified_time\" content=\"2021-09-10T15:03:52+00:00\" \/>\n<meta property=\"og:image\" content=\"https:\/\/www.mupa.com.mx\/blog\/wp-content\/uploads\/2021\/09\/festejamos-33-aniversario-mupa-mobiliario-urbano-y-equipamiento-og.jpg\" \/>\n\t<meta property=\"og:image:width\" content=\"1200\" \/>\n\t<meta property=\"og:image:height\" content=\"630\" \/>\n\t<meta property=\"og:image:type\" content=\"image\/jpeg\" \/>\n<meta name=\"twitter:card\" content=\"summary\" \/>\n<meta name=\"twitter:title\" content=\"\u00a1MUPA\u00ae Mobiliario Urbano y Equipamiento festeja su Aniversario!\" \/>\n<meta name=\"twitter:image\" content=\"https:\/\/www.mupa.com.mx\/blog\/wp-content\/uploads\/2021\/09\/festejamos-33-aniversario-mupa-mobiliario-urbano-y-equipamiento-og.jpg\" \/>\n<meta name=\"twitter:creator\" content=\"@mupamobiliario\" \/>\n<meta name=\"twitter:site\" content=\"@mupamobiliario\" \/>\n<meta name=\"twitter:label1\" content=\"Escrito por\" \/>\n\t<meta name=\"twitter:data1\" content=\"MUPA\u00ae\" \/>\n\t<meta name=\"twitter:label2\" content=\"Tiempo de lectura\" \/>\n\t<meta name=\"twitter:data2\" content=\"2 minutos\" \/>\n<script type=\"application\/ld+json\" class=\"yoast-schema-graph\">{\"@context\":\"https:\/\/schema.org\",\"@graph\":[{\"@type\":\"Organization\",\"@id\":\"https:\/\/www.mupa.com.mx\/blog\/#organization\",\"name\":\"MUPA\",\"url\":\"https:\/\/www.mupa.com.mx\/blog\/\",\"sameAs\":[\"https:\/\/www.facebook.com\/mupa.mobiliario.urbano\/\",\"https:\/\/www.linkedin.com\/company\/mupa-mobiliario-urbano-y-producto-de-acero\",\"https:\/\/twitter.com\/mupamobiliario\"],\"logo\":{\"@type\":\"ImageObject\",\"@id\":\"https:\/\/www.mupa.com.mx\/blog\/#logo\",\"inLanguage\":\"es\",\"url\":\"https:\/\/www.mupa.com.mx\/blog\/wp-content\/uploads\/2016\/10\/LOGO-2-MUPA-2016.png\",\"contentUrl\":\"https:\/\/www.mupa.com.mx\/blog\/wp-content\/uploads\/2016\/10\/LOGO-2-MUPA-2016.png\",\"width\":227,\"height\":75,\"caption\":\"MUPA\"},\"image\":{\"@id\":\"https:\/\/www.mupa.com.mx\/blog\/#logo\"}},{\"@type\":\"WebSite\",\"@id\":\"https:\/\/www.mupa.com.mx\/blog\/#website\",\"url\":\"https:\/\/www.mupa.com.mx\/blog\/\",\"name\":\"MUPA\u00ae\",\"description\":\"Mobiliario Urbano, Fabricaci\u00f3n y Venta en M\u00e9xico\",\"publisher\":{\"@id\":\"https:\/\/www.mupa.com.mx\/blog\/#organization\"},\"potentialAction\":[{\"@type\":\"SearchAction\",\"target\":{\"@type\":\"EntryPoint\",\"urlTemplate\":\"https:\/\/www.mupa.com.mx\/blog\/?s={search_term_string}\"},\"query-input\":\"required name=search_term_string\"}],\"inLanguage\":\"es\"},{\"@type\":\"ImageObject\",\"@id\":\"https:\/\/www.mupa.com.mx\/blog\/mupa-mobiliario-urbano-y-equipamiento-festeja-su-aniversario\/#primaryimage\",\"inLanguage\":\"es\",\"url\":\"https:\/\/www.mupa.com.mx\/blog\/wp-content\/uploads\/2021\/09\/festejamos-33-aniversario-mupa-mobiliario-urbano-y-equipamiento-og.jpg\",\"contentUrl\":\"https:\/\/www.mupa.com.mx\/blog\/wp-content\/uploads\/2021\/09\/festejamos-33-aniversario-mupa-mobiliario-urbano-y-equipamiento-og.jpg\",\"width\":1200,\"height\":630},{\"@type\":\"WebPage\",\"@id\":\"https:\/\/www.mupa.com.mx\/blog\/mupa-mobiliario-urbano-y-equipamiento-festeja-su-aniversario\/#webpage\",\"url\":\"https:\/\/www.mupa.com.mx\/blog\/mupa-mobiliario-urbano-y-equipamiento-festeja-su-aniversario\/\",\"name\":\"\u00a1MUPA\u00ae Mobiliario Urbano y Equipamiento festeja su Aniversario!\",\"isPartOf\":{\"@id\":\"https:\/\/www.mupa.com.mx\/blog\/#website\"},\"primaryImageOfPage\":{\"@id\":\"https:\/\/www.mupa.com.mx\/blog\/mupa-mobiliario-urbano-y-equipamiento-festeja-su-aniversario\/#primaryimage\"},\"datePublished\":\"2021-09-07T19:17:39+00:00\",\"dateModified\":\"2021-09-10T15:03:52+00:00\",\"breadcrumb\":{\"@id\":\"https:\/\/www.mupa.com.mx\/blog\/mupa-mobiliario-urbano-y-equipamiento-festeja-su-aniversario\/#breadcrumb\"},\"inLanguage\":\"es\",\"potentialAction\":[{\"@type\":\"ReadAction\",\"target\":[\"https:\/\/www.mupa.com.mx\/blog\/mupa-mobiliario-urbano-y-equipamiento-festeja-su-aniversario\/\"]}]},{\"@type\":\"BreadcrumbList\",\"@id\":\"https:\/\/www.mupa.com.mx\/blog\/mupa-mobiliario-urbano-y-equipamiento-festeja-su-aniversario\/#breadcrumb\",\"itemListElement\":[{\"@type\":\"ListItem\",\"position\":1,\"name\":\"Portada\",\"item\":\"https:\/\/www.mupa.com.mx\/blog\/\"},{\"@type\":\"ListItem\",\"position\":2,\"name\":\"\u00a1MUPA\u00ae Mobiliario Urbano y Equipamiento festeja su Aniversario!\"}]},{\"@type\":\"Article\",\"@id\":\"https:\/\/www.mupa.com.mx\/blog\/mupa-mobiliario-urbano-y-equipamiento-festeja-su-aniversario\/#article\",\"isPartOf\":{\"@id\":\"https:\/\/www.mupa.com.mx\/blog\/mupa-mobiliario-urbano-y-equipamiento-festeja-su-aniversario\/#webpage\"},\"author\":{\"@id\":\"https:\/\/www.mupa.com.mx\/blog\/#\/schema\/person\/7ea86bfb16fb6b75fce8b8f7228b1fd8\"},\"headline\":\"\u00a1MUPA\u00ae Mobiliario Urbano y Equipamiento festeja su Aniversario!\",\"datePublished\":\"2021-09-07T19:17:39+00:00\",\"dateModified\":\"2021-09-10T15:03:52+00:00\",\"mainEntityOfPage\":{\"@id\":\"https:\/\/www.mupa.com.mx\/blog\/mupa-mobiliario-urbano-y-equipamiento-festeja-su-aniversario\/#webpage\"},\"wordCount\":415,\"commentCount\":0,\"publisher\":{\"@id\":\"https:\/\/www.mupa.com.mx\/blog\/#organization\"},\"image\":{\"@id\":\"https:\/\/www.mupa.com.mx\/blog\/mupa-mobiliario-urbano-y-equipamiento-festeja-su-aniversario\/#primaryimage\"},\"thumbnailUrl\":\"https:\/\/www.mupa.com.mx\/blog\/wp-content\/uploads\/2021\/09\/festejamos-33-aniversario-mupa-mobiliario-urbano-y-equipamiento-blog.jpg\",\"keywords\":[\"Mobiliario Urbano\",\"Mobiliario Urbano Ecol\u00f3gico\"],\"articleSection\":[\"Mobiliario Urbano\"],\"inLanguage\":\"es\",\"potentialAction\":[{\"@type\":\"CommentAction\",\"name\":\"Comment\",\"target\":[\"https:\/\/www.mupa.com.mx\/blog\/mupa-mobiliario-urbano-y-equipamiento-festeja-su-aniversario\/#respond\"]}]},{\"@type\":\"Person\",\"@id\":\"https:\/\/www.mupa.com.mx\/blog\/#\/schema\/person\/7ea86bfb16fb6b75fce8b8f7228b1fd8\",\"name\":\"MUPA\u00ae\",\"image\":{\"@type\":\"ImageObject\",\"@id\":\"https:\/\/www.mupa.com.mx\/blog\/#personlogo\",\"inLanguage\":\"es\",\"url\":\"https:\/\/secure.gravatar.com\/avatar\/e5eb6a8525a9dde1bd86be7c2093623b?s=96&d=mm&r=g\",\"contentUrl\":\"https:\/\/secure.gravatar.com\/avatar\/e5eb6a8525a9dde1bd86be7c2093623b?s=96&d=mm&r=g\",\"caption\":\"MUPA\u00ae\"},\"description\":\"MUPA\u00ae, orgullosa empresa mexicana, con 30 a\u00f1os de experiencia en la fabricaci\u00f3n de mobiliario urbano y productos de acero.\",\"url\":\"https:\/\/www.mupa.com.mx\/blog\/author\/mupa\/\"}]}<\/script>\n<!-- \/ Yoast SEO plugin. -->","yoast_head_json":{"title":"\u00a1MUPA\u00ae Mobiliario Urbano y Equipamiento festeja su Aniversario!","robots":{"index":"index","follow":"follow","max-snippet":"max-snippet:-1","max-image-preview":"max-image-preview:large","max-video-preview":"max-video-preview:-1"},"canonical":"https:\/\/www.mupa.com.mx\/blog\/mupa-mobiliario-urbano-y-equipamiento-festeja-su-aniversario\/","og_locale":"es_ES","og_type":"article","og_title":"\u00a1MUPA\u00ae Mobiliario Urbano y Equipamiento festeja su Aniversario!","og_description":"\u00a1MUPA\u00ae Mobiliario Urbano y Equipamiento, cumple 33 a\u00f1os! Estamos muy felices y agradecidos con todos nuestros clientes, equipo laboral, proveedores y amigos, por permitirnos ofrecer un a\u00f1o m\u00e1s nuestro Mobiliario Urbano y Equipamiento para sus proyectos urbanos.","og_url":"https:\/\/www.mupa.com.mx\/blog\/mupa-mobiliario-urbano-y-equipamiento-festeja-su-aniversario\/","og_site_name":"MUPA\u00ae","article_publisher":"https:\/\/www.facebook.com\/mupa.mobiliario.urbano\/","article_published_time":"2021-09-07T19:17:39+00:00","article_modified_time":"2021-09-10T15:03:52+00:00","og_image":[{"width":1200,"height":630,"url":"https:\/\/www.mupa.com.mx\/blog\/wp-content\/uploads\/2021\/09\/festejamos-33-aniversario-mupa-mobiliario-urbano-y-equipamiento-og.jpg","type":"image\/jpeg"}],"twitter_card":"summary","twitter_title":"\u00a1MUPA\u00ae Mobiliario Urbano y Equipamiento festeja su Aniversario!","twitter_image":"https:\/\/www.mupa.com.mx\/blog\/wp-content\/uploads\/2021\/09\/festejamos-33-aniversario-mupa-mobiliario-urbano-y-equipamiento-og.jpg","twitter_creator":"@mupamobiliario","twitter_site":"@mupamobiliario","twitter_misc":{"Escrito por":"MUPA\u00ae","Tiempo de lectura":"2 minutos"},"schema":{"@context":"https:\/\/schema.org","@graph":[{"@type":"Organization","@id":"https:\/\/www.mupa.com.mx\/blog\/#organization","name":"MUPA","url":"https:\/\/www.mupa.com.mx\/blog\/","sameAs":["https:\/\/www.facebook.com\/mupa.mobiliario.urbano\/","https:\/\/www.linkedin.com\/company\/mupa-mobiliario-urbano-y-producto-de-acero","https:\/\/twitter.com\/mupamobiliario"],"logo":{"@type":"ImageObject","@id":"https:\/\/www.mupa.com.mx\/blog\/#logo","inLanguage":"es","url":"https:\/\/www.mupa.com.mx\/blog\/wp-content\/uploads\/2016\/10\/LOGO-2-MUPA-2016.png","contentUrl":"https:\/\/www.mupa.com.mx\/blog\/wp-content\/uploads\/2016\/10\/LOGO-2-MUPA-2016.png","width":227,"height":75,"caption":"MUPA"},"image":{"@id":"https:\/\/www.mupa.com.mx\/blog\/#logo"}},{"@type":"WebSite","@id":"https:\/\/www.mupa.com.mx\/blog\/#website","url":"https:\/\/www.mupa.com.mx\/blog\/","name":"MUPA\u00ae","description":"Mobiliario Urbano, Fabricaci\u00f3n y Venta en M\u00e9xico","publisher":{"@id":"https:\/\/www.mupa.com.mx\/blog\/#organization"},"potentialAction":[{"@type":"SearchAction","target":{"@type":"EntryPoint","urlTemplate":"https:\/\/www.mupa.com.mx\/blog\/?s={search_term_string}"},"query-input":"required name=search_term_string"}],"inLanguage":"es"},{"@type":"ImageObject","@id":"https:\/\/www.mupa.com.mx\/blog\/mupa-mobiliario-urbano-y-equipamiento-festeja-su-aniversario\/#primaryimage","inLanguage":"es","url":"https:\/\/www.mupa.com.mx\/blog\/wp-content\/uploads\/2021\/09\/festejamos-33-aniversario-mupa-mobiliario-urbano-y-equipamiento-og.jpg","contentUrl":"https:\/\/www.mupa.com.mx\/blog\/wp-content\/uploads\/2021\/09\/festejamos-33-aniversario-mupa-mobiliario-urbano-y-equipamiento-og.jpg","width":1200,"height":630},{"@type":"WebPage","@id":"https:\/\/www.mupa.com.mx\/blog\/mupa-mobiliario-urbano-y-equipamiento-festeja-su-aniversario\/#webpage","url":"https:\/\/www.mupa.com.mx\/blog\/mupa-mobiliario-urbano-y-equipamiento-festeja-su-aniversario\/","name":"\u00a1MUPA\u00ae Mobiliario Urbano y Equipamiento festeja su Aniversario!","isPartOf":{"@id":"https:\/\/www.mupa.com.mx\/blog\/#website"},"primaryImageOfPage":{"@id":"https:\/\/www.mupa.com.mx\/blog\/mupa-mobiliario-urbano-y-equipamiento-festeja-su-aniversario\/#primaryimage"},"datePublished":"2021-09-07T19:17:39+00:00","dateModified":"2021-09-10T15:03:52+00:00","breadcrumb":{"@id":"https:\/\/www.mupa.com.mx\/blog\/mupa-mobiliario-urbano-y-equipamiento-festeja-su-aniversario\/#breadcrumb"},"inLanguage":"es","potentialAction":[{"@type":"ReadAction","target":["https:\/\/www.mupa.com.mx\/blog\/mupa-mobiliario-urbano-y-equipamiento-festeja-su-aniversario\/"]}]},{"@type":"BreadcrumbList","@id":"https:\/\/www.mupa.com.mx\/blog\/mupa-mobiliario-urbano-y-equipamiento-festeja-su-aniversario\/#breadcrumb","itemListElement":[{"@type":"ListItem","position":1,"name":"Portada","item":"https:\/\/www.mupa.com.mx\/blog\/"},{"@type":"ListItem","position":2,"name":"\u00a1MUPA\u00ae Mobiliario Urbano y Equipamiento festeja su Aniversario!"}]},{"@type":"Article","@id":"https:\/\/www.mupa.com.mx\/blog\/mupa-mobiliario-urbano-y-equipamiento-festeja-su-aniversario\/#article","isPartOf":{"@id":"https:\/\/www.mupa.com.mx\/blog\/mupa-mobiliario-urbano-y-equipamiento-festeja-su-aniversario\/#webpage"},"author":{"@id":"https:\/\/www.mupa.com.mx\/blog\/#\/schema\/person\/7ea86bfb16fb6b75fce8b8f7228b1fd8"},"headline":"\u00a1MUPA\u00ae Mobiliario Urbano y Equipamiento festeja su Aniversario!","datePublished":"2021-09-07T19:17:39+00:00","dateModified":"2021-09-10T15:03:52+00:00","mainEntityOfPage":{"@id":"https:\/\/www.mupa.com.mx\/blog\/mupa-mobiliario-urbano-y-equipamiento-festeja-su-aniversario\/#webpage"},"wordCount":415,"commentCount":0,"publisher":{"@id":"https:\/\/www.mupa.com.mx\/blog\/#organization"},"image":{"@id":"https:\/\/www.mupa.com.mx\/blog\/mupa-mobiliario-urbano-y-equipamiento-festeja-su-aniversario\/#primaryimage"},"thumbnailUrl":"https:\/\/www.mupa.com.mx\/blog\/wp-content\/uploads\/2021\/09\/festejamos-33-aniversario-mupa-mobiliario-urbano-y-equipamiento-blog.jpg","keywords":["Mobiliario Urbano","Mobiliario Urbano Ecol\u00f3gico"],"articleSection":["Mobiliario Urbano"],"inLanguage":"es","potentialAction":[{"@type":"CommentAction","name":"Comment","target":["https:\/\/www.mupa.com.mx\/blog\/mupa-mobiliario-urbano-y-equipamiento-festeja-su-aniversario\/#respond"]}]},{"@type":"Person","@id":"https:\/\/www.mupa.com.mx\/blog\/#\/schema\/person\/7ea86bfb16fb6b75fce8b8f7228b1fd8","name":"MUPA\u00ae","image":{"@type":"ImageObject","@id":"https:\/\/www.mupa.com.mx\/blog\/#personlogo","inLanguage":"es","url":"https:\/\/secure.gravatar.com\/avatar\/e5eb6a8525a9dde1bd86be7c2093623b?s=96&d=mm&r=g","contentUrl":"https:\/\/secure.gravatar.com\/avatar\/e5eb6a8525a9dde1bd86be7c2093623b?s=96&d=mm&r=g","caption":"MUPA\u00ae"},"description":"MUPA\u00ae, orgullosa empresa mexicana, con 30 a\u00f1os de experiencia en la fabricaci\u00f3n de mobiliario urbano y productos de acero.","url":"https:\/\/www.mupa.com.mx\/blog\/author\/mupa\/"}]}},"_links":{"self":[{"href":"https:\/\/www.mupa.com.mx\/blog\/wp-json\/wp\/v2\/posts\/8612"}],"collection":[{"href":"https:\/\/www.mupa.com.mx\/blog\/wp-json\/wp\/v2\/posts"}],"about":[{"href":"https:\/\/www.mupa.com.mx\/blog\/wp-json\/wp\/v2\/types\/post"}],"author":[{"embeddable":true,"href":"https:\/\/www.mupa.com.mx\/blog\/wp-json\/wp\/v2\/users\/4"}],"replies":[{"embeddable":true,"href":"https:\/\/www.mupa.com.mx\/blog\/wp-json\/wp\/v2\/comments?post=8612"}],"version-history":[{"count":5,"href":"https:\/\/www.mupa.com.mx\/blog\/wp-json\/wp\/v2\/posts\/8612\/revisions"}],"predecessor-version":[{"id":8622,"href":"https:\/\/www.mupa.com.mx\/blog\/wp-json\/wp\/v2\/posts\/8612\/revisions\/8622"}],"wp:featuredmedia":[{"embeddable":true,"href":"https:\/\/www.mupa.com.mx\/blog\/wp-json\/wp\/v2\/media\/8618"}],"wp:attachment":[{"href":"https:\/\/www.mupa.com.mx\/blog\/wp-json\/wp\/v2\/media?parent=8612"}],"wp:term":[{"taxonomy":"category","embeddable":true,"href":"https:\/\/www.mupa.com.mx\/blog\/wp-json\/wp\/v2\/categories?post=8612"},{"taxonomy":"post_tag","embeddable":true,"href":"https:\/\/www.mupa.com.mx\/blog\/wp-json\/wp\/v2\/tags?post=8612"}],"curies":[{"name":"wp","href":"https:\/\/api.w.org\/{rel}","templated":true}]}}