{"id":9176,"date":"2023-05-24T17:27:12","date_gmt":"2023-05-24T17:27:12","guid":{"rendered":"https:\/\/www.mupa.com.mx\/blog\/?p=9176"},"modified":"2023-08-03T17:27:28","modified_gmt":"2023-08-03T17:27:28","slug":"impulsemos-el-uso-de-bicicleta","status":"publish","type":"post","link":"https:\/\/www.mupa.com.mx\/blog\/impulsemos-el-uso-de-bicicleta\/","title":{"rendered":"Impulsemos el uso de Bicicleta"},"content":{"rendered":"<p>El pasado 20 de mayo celebramos el D\u00eda de ir al Trabajo en Bicicleta, \u00bfqu\u00e9 significa este d\u00eda y qu\u00e9 podemos hacer durante todo el a\u00f1o para impulsar el uso de la Bicicleta?<!--more--><\/p>\n<p>Para fomentar el uso de bicicleta, desde 1956, la Liga de Ciclistas Estadounidenses cre\u00f3 esta efem\u00e9ride, que es festejada en varios pa\u00edses de Europa, Asia, Estados Unidos y Canad\u00e1 a finales de mayo. <\/p>\n<p>El uso de la bicicleta, adem\u00e1s de ayudarnos a cuidar el medio ambiente, es excelente para nuestra salud, ya que ofrece grandes beneficios, como:<\/p>\n<p>\u2713 Ayuda a reforzar la cantidad de ox\u00edgeno que llega a los pulmones<br \/>\n\u2713 Mejora el rendimiento<br \/>\n\u2713 Reduce el colesterol malo<br \/>\n\u2713 Ayuda a mejorar la coordinaci\u00f3n motriz<br \/>\n\u2713 Reduce el riesgo de sufrir infarto card\u00edaco o problemas cerebrovasculares<br \/>\n\u2713 Tonifica los m\u00fasculos del cuerpo<br \/>\n\u2713 Mejora la salud emocional<\/p>\n<p>\u00bfC\u00f3mo se puede fomentar el uso de este medio de transporte? Adem\u00e1s de la creaci\u00f3n de ciclov\u00edas en avenidas y calles de la ciudad, tambi\u00e9n es importante crear espacios ideales para instalar Aparcabicicletas, tanto en estacionamientos p\u00fablicos, como privados. <\/p>\n<p>Tambi\u00e9n es importante que se cuenten con <strong>Aparcabicicletas<\/strong> de alta calidad 100% resistentes a la intemperie y altas temperaturas. <\/p>\n<p>En <strong>MUPA\u00ae<\/strong> fabricamos productos en acero inoxidable y acero al carb\u00f3n, ideales para uso rudo, que cuentan con la capacidad de ajustarse a las necesidades de nuestros clientes adapt\u00e1ndolos al n\u00famero de m\u00f3dulos de colocaci\u00f3n que sean necesarios para nuestros proyectos, que pueden ir desde 1 bicicleta hasta las que se requieran. <\/p>\n<p>Conozca todos nuestros modelos de <strong>Aparcabicicletas<\/strong> haciendo <a href=\"https:\/\/www.mupa.com.mx\/mobiliario-urbano\/aparcabicicletas\" class=\"color-verde\">clic aqu\u00ed<\/a>, o si desea recibir cotizaci\u00f3n, p\u00f3ngase en contacto escrib\u00edendonos , o bien, llamando al <a href=\"tel:55 5095 1848\" class=\"color-verde\">55 5095 1848<\/a> y <a href=\"tel:55 5087 8802\" class=\"color-verde\">55 5087 8802<\/a>.<\/p>\n","protected":false},"excerpt":{"rendered":"<p>El pasado 20 de mayo celebramos el D\u00eda de ir al Trabajo en Bicicleta, \u00bfqu\u00e9 significa este d\u00eda y qu\u00e9 podemos hacer durante todo el a\u00f1o para impulsar el uso de la Bicicleta?<\/p>\n","protected":false},"author":4,"featured_media":9178,"comment_status":"closed","ping_status":"open","sticky":false,"template":"","format":"standard","meta":[],"categories":[185,164],"tags":[],"yoast_head":"<!-- This site is optimized with the Yoast SEO plugin v18.3 - https:\/\/yoast.com\/wordpress\/plugins\/seo\/ -->\n<title>Impulsemos el uso de Bicicleta - MUPA\u00ae<\/title>\n<meta name=\"description\" content=\"El uso de la bicicleta, adem\u00e1s de ayudarnos a cuidar el medio ambiente, es excelente para nuestra salud\" \/>\n<meta name=\"robots\" content=\"index, follow, max-snippet:-1, max-image-preview:large, max-video-preview:-1\" \/>\n<link rel=\"canonical\" href=\"https:\/\/www.mupa.com.mx\/blog\/impulsemos-el-uso-de-bicicleta\/\" \/>\n<meta property=\"og:locale\" content=\"es_ES\" \/>\n<meta property=\"og:type\" content=\"article\" \/>\n<meta property=\"og:title\" content=\"Impulsemos el uso de Bicicleta\" \/>\n<meta property=\"og:description\" content=\"El uso de la bicicleta, adem\u00e1s de ayudarnos a cuidar el medio ambiente, es excelente para nuestra salud\" \/>\n<meta property=\"og:url\" content=\"https:\/\/www.mupa.com.mx\/blog\/impulsemos-el-uso-de-bicicleta\/\" \/>\n<meta property=\"og:site_name\" content=\"MUPA\u00ae\" \/>\n<meta property=\"article:publisher\" content=\"https:\/\/www.facebook.com\/mupa.mobiliario.urbano\/\" \/>\n<meta property=\"article:published_time\" content=\"2023-05-24T17:27:12+00:00\" \/>\n<meta property=\"article:modified_time\" content=\"2023-08-03T17:27:28+00:00\" \/>\n<meta property=\"og:image\" content=\"https:\/\/www.mupa.com.mx\/blog\/wp-content\/uploads\/2023\/05\/impulsemos-el-uso-de-bicicleta-og.jpg\" \/>\n\t<meta property=\"og:image:width\" content=\"1200\" \/>\n\t<meta property=\"og:image:height\" content=\"630\" \/>\n\t<meta property=\"og:image:type\" content=\"image\/jpeg\" \/>\n<meta name=\"twitter:card\" content=\"summary\" \/>\n<meta name=\"twitter:title\" content=\"Impulsemos el uso de Bicicleta\" \/>\n<meta name=\"twitter:description\" content=\"El uso de la bicicleta, adem\u00e1s de ayudarnos a cuidar el medio ambiente, es excelente para nuestra salud\" \/>\n<meta name=\"twitter:image\" content=\"https:\/\/www.mupa.com.mx\/blog\/wp-content\/uploads\/2023\/05\/impulsemos-el-uso-de-bicicleta-og.jpg\" \/>\n<meta name=\"twitter:creator\" content=\"@mupamobiliario\" \/>\n<meta name=\"twitter:site\" content=\"@mupamobiliario\" \/>\n<meta name=\"twitter:label1\" content=\"Escrito por\" \/>\n\t<meta name=\"twitter:data1\" content=\"MUPA\u00ae\" \/>\n\t<meta name=\"twitter:label2\" content=\"Tiempo de lectura\" \/>\n\t<meta name=\"twitter:data2\" content=\"1 minuto\" \/>\n<script type=\"application\/ld+json\" class=\"yoast-schema-graph\">{\"@context\":\"https:\/\/schema.org\",\"@graph\":[{\"@type\":\"Organization\",\"@id\":\"https:\/\/www.mupa.com.mx\/blog\/#organization\",\"name\":\"MUPA\",\"url\":\"https:\/\/www.mupa.com.mx\/blog\/\",\"sameAs\":[\"https:\/\/www.facebook.com\/mupa.mobiliario.urbano\/\",\"https:\/\/www.linkedin.com\/company\/mupa-mobiliario-urbano-y-producto-de-acero\",\"https:\/\/twitter.com\/mupamobiliario\"],\"logo\":{\"@type\":\"ImageObject\",\"@id\":\"https:\/\/www.mupa.com.mx\/blog\/#logo\",\"inLanguage\":\"es\",\"url\":\"https:\/\/www.mupa.com.mx\/blog\/wp-content\/uploads\/2016\/10\/LOGO-2-MUPA-2016.png\",\"contentUrl\":\"https:\/\/www.mupa.com.mx\/blog\/wp-content\/uploads\/2016\/10\/LOGO-2-MUPA-2016.png\",\"width\":227,\"height\":75,\"caption\":\"MUPA\"},\"image\":{\"@id\":\"https:\/\/www.mupa.com.mx\/blog\/#logo\"}},{\"@type\":\"WebSite\",\"@id\":\"https:\/\/www.mupa.com.mx\/blog\/#website\",\"url\":\"https:\/\/www.mupa.com.mx\/blog\/\",\"name\":\"MUPA\u00ae\",\"description\":\"Mobiliario Urbano, Fabricaci\u00f3n y Venta en M\u00e9xico\",\"publisher\":{\"@id\":\"https:\/\/www.mupa.com.mx\/blog\/#organization\"},\"potentialAction\":[{\"@type\":\"SearchAction\",\"target\":{\"@type\":\"EntryPoint\",\"urlTemplate\":\"https:\/\/www.mupa.com.mx\/blog\/?s={search_term_string}\"},\"query-input\":\"required name=search_term_string\"}],\"inLanguage\":\"es\"},{\"@type\":\"ImageObject\",\"@id\":\"https:\/\/www.mupa.com.mx\/blog\/impulsemos-el-uso-de-bicicleta\/#primaryimage\",\"inLanguage\":\"es\",\"url\":\"https:\/\/www.mupa.com.mx\/blog\/wp-content\/uploads\/2023\/05\/impulsemos-el-uso-de-bicicleta-og.jpg\",\"contentUrl\":\"https:\/\/www.mupa.com.mx\/blog\/wp-content\/uploads\/2023\/05\/impulsemos-el-uso-de-bicicleta-og.jpg\",\"width\":1200,\"height\":630},{\"@type\":\"WebPage\",\"@id\":\"https:\/\/www.mupa.com.mx\/blog\/impulsemos-el-uso-de-bicicleta\/#webpage\",\"url\":\"https:\/\/www.mupa.com.mx\/blog\/impulsemos-el-uso-de-bicicleta\/\",\"name\":\"Impulsemos el uso de Bicicleta - MUPA\u00ae\",\"isPartOf\":{\"@id\":\"https:\/\/www.mupa.com.mx\/blog\/#website\"},\"primaryImageOfPage\":{\"@id\":\"https:\/\/www.mupa.com.mx\/blog\/impulsemos-el-uso-de-bicicleta\/#primaryimage\"},\"datePublished\":\"2023-05-24T17:27:12+00:00\",\"dateModified\":\"2023-08-03T17:27:28+00:00\",\"description\":\"El uso de la bicicleta, adem\u00e1s de ayudarnos a cuidar el medio ambiente, es excelente para nuestra salud\",\"breadcrumb\":{\"@id\":\"https:\/\/www.mupa.com.mx\/blog\/impulsemos-el-uso-de-bicicleta\/#breadcrumb\"},\"inLanguage\":\"es\",\"potentialAction\":[{\"@type\":\"ReadAction\",\"target\":[\"https:\/\/www.mupa.com.mx\/blog\/impulsemos-el-uso-de-bicicleta\/\"]}]},{\"@type\":\"BreadcrumbList\",\"@id\":\"https:\/\/www.mupa.com.mx\/blog\/impulsemos-el-uso-de-bicicleta\/#breadcrumb\",\"itemListElement\":[{\"@type\":\"ListItem\",\"position\":1,\"name\":\"Portada\",\"item\":\"https:\/\/www.mupa.com.mx\/blog\/\"},{\"@type\":\"ListItem\",\"position\":2,\"name\":\"Impulsemos el uso de Bicicleta\"}]},{\"@type\":\"Article\",\"@id\":\"https:\/\/www.mupa.com.mx\/blog\/impulsemos-el-uso-de-bicicleta\/#article\",\"isPartOf\":{\"@id\":\"https:\/\/www.mupa.com.mx\/blog\/impulsemos-el-uso-de-bicicleta\/#webpage\"},\"author\":{\"@id\":\"https:\/\/www.mupa.com.mx\/blog\/#\/schema\/person\/7ea86bfb16fb6b75fce8b8f7228b1fd8\"},\"headline\":\"Impulsemos el uso de Bicicleta\",\"datePublished\":\"2023-05-24T17:27:12+00:00\",\"dateModified\":\"2023-08-03T17:27:28+00:00\",\"mainEntityOfPage\":{\"@id\":\"https:\/\/www.mupa.com.mx\/blog\/impulsemos-el-uso-de-bicicleta\/#webpage\"},\"wordCount\":293,\"publisher\":{\"@id\":\"https:\/\/www.mupa.com.mx\/blog\/#organization\"},\"image\":{\"@id\":\"https:\/\/www.mupa.com.mx\/blog\/impulsemos-el-uso-de-bicicleta\/#primaryimage\"},\"thumbnailUrl\":\"https:\/\/www.mupa.com.mx\/blog\/wp-content\/uploads\/2023\/05\/impulsemos-el-uso-de-bicicleta-blog-min.jpg\",\"articleSection\":[\"Mobiliario Ecol\u00f3gico Sustentable\",\"Mobiliario Urbano\"],\"inLanguage\":\"es\"},{\"@type\":\"Person\",\"@id\":\"https:\/\/www.mupa.com.mx\/blog\/#\/schema\/person\/7ea86bfb16fb6b75fce8b8f7228b1fd8\",\"name\":\"MUPA\u00ae\",\"image\":{\"@type\":\"ImageObject\",\"@id\":\"https:\/\/www.mupa.com.mx\/blog\/#personlogo\",\"inLanguage\":\"es\",\"url\":\"https:\/\/secure.gravatar.com\/avatar\/e5eb6a8525a9dde1bd86be7c2093623b?s=96&d=mm&r=g\",\"contentUrl\":\"https:\/\/secure.gravatar.com\/avatar\/e5eb6a8525a9dde1bd86be7c2093623b?s=96&d=mm&r=g\",\"caption\":\"MUPA\u00ae\"},\"description\":\"MUPA\u00ae, orgullosa empresa mexicana, con 30 a\u00f1os de experiencia en la fabricaci\u00f3n de mobiliario urbano y productos de acero.\",\"url\":\"https:\/\/www.mupa.com.mx\/blog\/author\/mupa\/\"}]}<\/script>\n<!-- \/ Yoast SEO plugin. -->","yoast_head_json":{"title":"Impulsemos el uso de Bicicleta - MUPA\u00ae","description":"El uso de la bicicleta, adem\u00e1s de ayudarnos a cuidar el medio ambiente, es excelente para nuestra salud","robots":{"index":"index","follow":"follow","max-snippet":"max-snippet:-1","max-image-preview":"max-image-preview:large","max-video-preview":"max-video-preview:-1"},"canonical":"https:\/\/www.mupa.com.mx\/blog\/impulsemos-el-uso-de-bicicleta\/","og_locale":"es_ES","og_type":"article","og_title":"Impulsemos el uso de Bicicleta","og_description":"El uso de la bicicleta, adem\u00e1s de ayudarnos a cuidar el medio ambiente, es excelente para nuestra salud","og_url":"https:\/\/www.mupa.com.mx\/blog\/impulsemos-el-uso-de-bicicleta\/","og_site_name":"MUPA\u00ae","article_publisher":"https:\/\/www.facebook.com\/mupa.mobiliario.urbano\/","article_published_time":"2023-05-24T17:27:12+00:00","article_modified_time":"2023-08-03T17:27:28+00:00","og_image":[{"width":1200,"height":630,"url":"https:\/\/www.mupa.com.mx\/blog\/wp-content\/uploads\/2023\/05\/impulsemos-el-uso-de-bicicleta-og.jpg","type":"image\/jpeg"}],"twitter_card":"summary","twitter_title":"Impulsemos el uso de Bicicleta","twitter_description":"El uso de la bicicleta, adem\u00e1s de ayudarnos a cuidar el medio ambiente, es excelente para nuestra salud","twitter_image":"https:\/\/www.mupa.com.mx\/blog\/wp-content\/uploads\/2023\/05\/impulsemos-el-uso-de-bicicleta-og.jpg","twitter_creator":"@mupamobiliario","twitter_site":"@mupamobiliario","twitter_misc":{"Escrito por":"MUPA\u00ae","Tiempo de lectura":"1 minuto"},"schema":{"@context":"https:\/\/schema.org","@graph":[{"@type":"Organization","@id":"https:\/\/www.mupa.com.mx\/blog\/#organization","name":"MUPA","url":"https:\/\/www.mupa.com.mx\/blog\/","sameAs":["https:\/\/www.facebook.com\/mupa.mobiliario.urbano\/","https:\/\/www.linkedin.com\/company\/mupa-mobiliario-urbano-y-producto-de-acero","https:\/\/twitter.com\/mupamobiliario"],"logo":{"@type":"ImageObject","@id":"https:\/\/www.mupa.com.mx\/blog\/#logo","inLanguage":"es","url":"https:\/\/www.mupa.com.mx\/blog\/wp-content\/uploads\/2016\/10\/LOGO-2-MUPA-2016.png","contentUrl":"https:\/\/www.mupa.com.mx\/blog\/wp-content\/uploads\/2016\/10\/LOGO-2-MUPA-2016.png","width":227,"height":75,"caption":"MUPA"},"image":{"@id":"https:\/\/www.mupa.com.mx\/blog\/#logo"}},{"@type":"WebSite","@id":"https:\/\/www.mupa.com.mx\/blog\/#website","url":"https:\/\/www.mupa.com.mx\/blog\/","name":"MUPA\u00ae","description":"Mobiliario Urbano, Fabricaci\u00f3n y Venta en M\u00e9xico","publisher":{"@id":"https:\/\/www.mupa.com.mx\/blog\/#organization"},"potentialAction":[{"@type":"SearchAction","target":{"@type":"EntryPoint","urlTemplate":"https:\/\/www.mupa.com.mx\/blog\/?s={search_term_string}"},"query-input":"required name=search_term_string"}],"inLanguage":"es"},{"@type":"ImageObject","@id":"https:\/\/www.mupa.com.mx\/blog\/impulsemos-el-uso-de-bicicleta\/#primaryimage","inLanguage":"es","url":"https:\/\/www.mupa.com.mx\/blog\/wp-content\/uploads\/2023\/05\/impulsemos-el-uso-de-bicicleta-og.jpg","contentUrl":"https:\/\/www.mupa.com.mx\/blog\/wp-content\/uploads\/2023\/05\/impulsemos-el-uso-de-bicicleta-og.jpg","width":1200,"height":630},{"@type":"WebPage","@id":"https:\/\/www.mupa.com.mx\/blog\/impulsemos-el-uso-de-bicicleta\/#webpage","url":"https:\/\/www.mupa.com.mx\/blog\/impulsemos-el-uso-de-bicicleta\/","name":"Impulsemos el uso de Bicicleta - MUPA\u00ae","isPartOf":{"@id":"https:\/\/www.mupa.com.mx\/blog\/#website"},"primaryImageOfPage":{"@id":"https:\/\/www.mupa.com.mx\/blog\/impulsemos-el-uso-de-bicicleta\/#primaryimage"},"datePublished":"2023-05-24T17:27:12+00:00","dateModified":"2023-08-03T17:27:28+00:00","description":"El uso de la bicicleta, adem\u00e1s de ayudarnos a cuidar el medio ambiente, es excelente para nuestra salud","breadcrumb":{"@id":"https:\/\/www.mupa.com.mx\/blog\/impulsemos-el-uso-de-bicicleta\/#breadcrumb"},"inLanguage":"es","potentialAction":[{"@type":"ReadAction","target":["https:\/\/www.mupa.com.mx\/blog\/impulsemos-el-uso-de-bicicleta\/"]}]},{"@type":"BreadcrumbList","@id":"https:\/\/www.mupa.com.mx\/blog\/impulsemos-el-uso-de-bicicleta\/#breadcrumb","itemListElement":[{"@type":"ListItem","position":1,"name":"Portada","item":"https:\/\/www.mupa.com.mx\/blog\/"},{"@type":"ListItem","position":2,"name":"Impulsemos el uso de Bicicleta"}]},{"@type":"Article","@id":"https:\/\/www.mupa.com.mx\/blog\/impulsemos-el-uso-de-bicicleta\/#article","isPartOf":{"@id":"https:\/\/www.mupa.com.mx\/blog\/impulsemos-el-uso-de-bicicleta\/#webpage"},"author":{"@id":"https:\/\/www.mupa.com.mx\/blog\/#\/schema\/person\/7ea86bfb16fb6b75fce8b8f7228b1fd8"},"headline":"Impulsemos el uso de Bicicleta","datePublished":"2023-05-24T17:27:12+00:00","dateModified":"2023-08-03T17:27:28+00:00","mainEntityOfPage":{"@id":"https:\/\/www.mupa.com.mx\/blog\/impulsemos-el-uso-de-bicicleta\/#webpage"},"wordCount":293,"publisher":{"@id":"https:\/\/www.mupa.com.mx\/blog\/#organization"},"image":{"@id":"https:\/\/www.mupa.com.mx\/blog\/impulsemos-el-uso-de-bicicleta\/#primaryimage"},"thumbnailUrl":"https:\/\/www.mupa.com.mx\/blog\/wp-content\/uploads\/2023\/05\/impulsemos-el-uso-de-bicicleta-blog-min.jpg","articleSection":["Mobiliario Ecol\u00f3gico Sustentable","Mobiliario Urbano"],"inLanguage":"es"},{"@type":"Person","@id":"https:\/\/www.mupa.com.mx\/blog\/#\/schema\/person\/7ea86bfb16fb6b75fce8b8f7228b1fd8","name":"MUPA\u00ae","image":{"@type":"ImageObject","@id":"https:\/\/www.mupa.com.mx\/blog\/#personlogo","inLanguage":"es","url":"https:\/\/secure.gravatar.com\/avatar\/e5eb6a8525a9dde1bd86be7c2093623b?s=96&d=mm&r=g","contentUrl":"https:\/\/secure.gravatar.com\/avatar\/e5eb6a8525a9dde1bd86be7c2093623b?s=96&d=mm&r=g","caption":"MUPA\u00ae"},"description":"MUPA\u00ae, orgullosa empresa mexicana, con 30 a\u00f1os de experiencia en la fabricaci\u00f3n de mobiliario urbano y productos de acero.","url":"https:\/\/www.mupa.com.mx\/blog\/author\/mupa\/"}]}},"_links":{"self":[{"href":"https:\/\/www.mupa.com.mx\/blog\/wp-json\/wp\/v2\/posts\/9176"}],"collection":[{"href":"https:\/\/www.mupa.com.mx\/blog\/wp-json\/wp\/v2\/posts"}],"about":[{"href":"https:\/\/www.mupa.com.mx\/blog\/wp-json\/wp\/v2\/types\/post"}],"author":[{"embeddable":true,"href":"https:\/\/www.mupa.com.mx\/blog\/wp-json\/wp\/v2\/users\/4"}],"replies":[{"embeddable":true,"href":"https:\/\/www.mupa.com.mx\/blog\/wp-json\/wp\/v2\/comments?post=9176"}],"version-history":[{"count":2,"href":"https:\/\/www.mupa.com.mx\/blog\/wp-json\/wp\/v2\/posts\/9176\/revisions"}],"predecessor-version":[{"id":9180,"href":"https:\/\/www.mupa.com.mx\/blog\/wp-json\/wp\/v2\/posts\/9176\/revisions\/9180"}],"wp:featuredmedia":[{"embeddable":true,"href":"https:\/\/www.mupa.com.mx\/blog\/wp-json\/wp\/v2\/media\/9178"}],"wp:attachment":[{"href":"https:\/\/www.mupa.com.mx\/blog\/wp-json\/wp\/v2\/media?parent=9176"}],"wp:term":[{"taxonomy":"category","embeddable":true,"href":"https:\/\/www.mupa.com.mx\/blog\/wp-json\/wp\/v2\/categories?post=9176"},{"taxonomy":"post_tag","embeddable":true,"href":"https:\/\/www.mupa.com.mx\/blog\/wp-json\/wp\/v2\/tags?post=9176"}],"curies":[{"name":"wp","href":"https:\/\/api.w.org\/{rel}","templated":true}]}}