{"id":9947,"date":"2025-05-06T18:44:26","date_gmt":"2025-05-06T18:44:26","guid":{"rendered":"https:\/\/www.mupa.com.mx\/blog\/?p=9947"},"modified":"2025-05-06T18:48:20","modified_gmt":"2025-05-06T18:48:20","slug":"mobiliario-urbano-en-espacios-publicos-y-seguridad","status":"publish","type":"post","link":"https:\/\/www.mupa.com.mx\/blog\/mobiliario-urbano-en-espacios-publicos-y-seguridad\/","title":{"rendered":"Mobiliario Urbano en Espacios P\u00fablicos, \u00bfC\u00f3mo Influye en la Percepci\u00f3n de Seguridad?"},"content":{"rendered":"<p>El <a href=\"https:\/\/www.mupa.com.mx\/\">mobiliario urbano en espacios p\u00fablicos<\/a> influye mucho en la percepeci\u00f3n de seguridad, ya que, no solo depende de la presencia policial o la vigilancia. \u00a0Dise\u00f1ar entornos agradables, funcionales y bien equipados puede transformar la experiencia de los ciudadanos y aumentar la percepci\u00f3n de seguridad. \u00bfPor qu\u00e9?<!--more--><\/p>\n<p>&nbsp;<\/p>\n<p>El mobiliario urbano en espacios p\u00fablicos cumple funciones clave: organiza el espacio, invita al uso responsable y mejora la visibilidad. Por ejemplo, una buena iluminaci\u00f3n, combinada con <a href=\"https:\/\/www.mupa.com.mx\/mobiliario-urbano\/bancas-para-parque\">bancas<\/a> bien ubicadas y vegetaci\u00f3n controlada, permite a las personas sentirse m\u00e1s seguras al transitar o permanecer en ciertos lugares.<\/p>\n<p>&nbsp;<\/p>\n<p>La colocaci\u00f3n estrat\u00e9gica de <a href=\"https:\/\/www.mupa.com.mx\/mobiliario-urbano\/botes-metalicos-para-basura\">botes para basura<\/a>, <a href=\"https:\/\/www.mupa.com.mx\/mobiliario-urbano\/bolardos-publicos\">bolardos<\/a>, <a href=\"https:\/\/www.mupa.com.mx\/mobiliario-urbano\/jardineras\">jardineras<\/a> y <a href=\"https:\/\/www.mupa.com.mx\/mobiliario-urbano\/paraderos-de-autobus-y-mupis-luminosos\">paraderos de autob\u00fas<\/a> tambi\u00e9n ayuda a definir zonas y crear una sensaci\u00f3n de orden y control. Cuando un espacio est\u00e1 limpio, cuidado y bien equipado, transmite que es monitoreado y, por tanto, disuade comportamientos antisociales.<\/p>\n<p>&nbsp;<\/p>\n<p>Adem\u00e1s, el mobiliario urbano en espacios p\u00fablicos puede fomentar la vigilancia natural. Las bancas y elementos que promueven la permanencia de personas aumentan la actividad social y la supervisi\u00f3n comunitaria, lo cual reduce la probabilidad de actos delictivos.<\/p>\n<p>&nbsp;<\/p>\n<p>El <a href=\"https:\/\/www.mupa.com.mx\/proyectos\">dise\u00f1o de \u00e1reas con mobiliario urbano <\/a>pensado para el bienestar, la funcionalidad y la est\u00e9tica no solo embellece la ciudad, sino que tambi\u00e9n incrementa la seguridad percibida. La inversi\u00f3n en estos elementos es clave para construir ciudades m\u00e1s habitables.<\/p>\n<p>&nbsp;<\/p>\n<p>En MUPA\u00ae sabemos que el mobiliario urbano en espacios p\u00fablicos no solo embellece, sino que tambi\u00e9n colabora en la percepci\u00f3n de seguridad, por lo que te invitamos a visitar nuestro sitio web y conocer nuestras soluciones dise\u00f1adas para crear entornos urbanos m\u00e1s seguros, funcionales y acogedores, <a href=\"https:\/\/www.mupa.com.mx\/\">haciendo clic aqu\u00ed en MUPA\u00ae<\/a><\/p>\n","protected":false},"excerpt":{"rendered":"<p>El mobiliario urbano en espacios p\u00fablicos influye mucho en la percepeci\u00f3n de seguridad, ya que, no solo depende de la presencia policial o la vigilancia. \u00a0Dise\u00f1ar entornos agradables, funcionales y bien equipados puede transformar la experiencia de los ciudadanos y aumentar la percepci\u00f3n de seguridad. \u00bfPor qu\u00e9?<\/p>\n","protected":false},"author":4,"featured_media":9949,"comment_status":"closed","ping_status":"open","sticky":false,"template":"","format":"standard","meta":[],"categories":[164],"tags":[],"yoast_head":"<!-- This site is optimized with the Yoast SEO plugin v18.3 - https:\/\/yoast.com\/wordpress\/plugins\/seo\/ -->\n<title>Mobiliario Urbano en Espacios P\u00fablicos, \u00bfC\u00f3mo Influye en la Percepci\u00f3n de Seguridad? - MUPA\u00ae<\/title>\n<meta name=\"description\" content=\"\u00bfSab\u00edas que, el mobiliario urbano en espacios p\u00fablicos influye mucho en la percepeci\u00f3n de seguridad? En MUPA\u00ae te decimos a qu\u00e9 se debe esto.\" \/>\n<meta name=\"robots\" content=\"index, follow, max-snippet:-1, max-image-preview:large, max-video-preview:-1\" \/>\n<link rel=\"canonical\" href=\"https:\/\/www.mupa.com.mx\/blog\/mobiliario-urbano-en-espacios-publicos-y-seguridad\/\" \/>\n<meta property=\"og:locale\" content=\"es_ES\" \/>\n<meta property=\"og:type\" content=\"article\" \/>\n<meta property=\"og:title\" content=\"Mobiliario Urbano en Espacios P\u00fablicos, \u00bfC\u00f3mo Influye en la Percepci\u00f3n de Seguridad?\" \/>\n<meta property=\"og:description\" content=\"\u00bfSab\u00edas que, el mobiliario urbano en espacios p\u00fablicos influye mucho en la percepeci\u00f3n de seguridad? En MUPA\u00ae te decimos a qu\u00e9 se debe esto.\" \/>\n<meta property=\"og:url\" content=\"https:\/\/www.mupa.com.mx\/blog\/mobiliario-urbano-en-espacios-publicos-y-seguridad\/\" \/>\n<meta property=\"og:site_name\" content=\"MUPA\u00ae\" \/>\n<meta property=\"article:publisher\" content=\"https:\/\/www.facebook.com\/mupa.mobiliario.urbano\/\" \/>\n<meta property=\"article:published_time\" content=\"2025-05-06T18:44:26+00:00\" \/>\n<meta property=\"article:modified_time\" content=\"2025-05-06T18:48:20+00:00\" \/>\n<meta property=\"og:image\" content=\"https:\/\/www.mupa.com.mx\/blog\/wp-content\/uploads\/2025\/05\/20250430_069_OG_1200x630_MUPA_MobiliarioySeguridad.jpg\" \/>\n\t<meta property=\"og:image:width\" content=\"1200\" \/>\n\t<meta property=\"og:image:height\" content=\"630\" \/>\n\t<meta property=\"og:image:type\" content=\"image\/jpeg\" \/>\n<meta name=\"twitter:card\" content=\"summary\" \/>\n<meta name=\"twitter:title\" content=\"Mobiliario Urbano en Espacios P\u00fablicos, \u00bfC\u00f3mo Influye en la Percepci\u00f3n de Seguridad?\" \/>\n<meta name=\"twitter:description\" content=\"\u00bfSab\u00edas que, el mobiliario urbano en espacios p\u00fablicos influye mucho en la percepeci\u00f3n de seguridad? En MUPA\u00ae te decimos a qu\u00e9 se debe esto.\" \/>\n<meta name=\"twitter:image\" content=\"https:\/\/www.mupa.com.mx\/blog\/wp-content\/uploads\/2025\/05\/20250430_069_OG_1200x630_MUPA_MobiliarioySeguridad.jpg\" \/>\n<meta name=\"twitter:creator\" content=\"@mupamobiliario\" \/>\n<meta name=\"twitter:site\" content=\"@mupamobiliario\" \/>\n<meta name=\"twitter:label1\" content=\"Escrito por\" \/>\n\t<meta name=\"twitter:data1\" content=\"MUPA\u00ae\" \/>\n\t<meta name=\"twitter:label2\" content=\"Tiempo de lectura\" \/>\n\t<meta name=\"twitter:data2\" content=\"2 minutos\" \/>\n<script type=\"application\/ld+json\" class=\"yoast-schema-graph\">{\"@context\":\"https:\/\/schema.org\",\"@graph\":[{\"@type\":\"Organization\",\"@id\":\"https:\/\/www.mupa.com.mx\/blog\/#organization\",\"name\":\"MUPA\",\"url\":\"https:\/\/www.mupa.com.mx\/blog\/\",\"sameAs\":[\"https:\/\/www.facebook.com\/mupa.mobiliario.urbano\/\",\"https:\/\/www.linkedin.com\/company\/mupa-mobiliario-urbano-y-producto-de-acero\",\"https:\/\/twitter.com\/mupamobiliario\"],\"logo\":{\"@type\":\"ImageObject\",\"@id\":\"https:\/\/www.mupa.com.mx\/blog\/#logo\",\"inLanguage\":\"es\",\"url\":\"https:\/\/www.mupa.com.mx\/blog\/wp-content\/uploads\/2016\/10\/LOGO-2-MUPA-2016.png\",\"contentUrl\":\"https:\/\/www.mupa.com.mx\/blog\/wp-content\/uploads\/2016\/10\/LOGO-2-MUPA-2016.png\",\"width\":227,\"height\":75,\"caption\":\"MUPA\"},\"image\":{\"@id\":\"https:\/\/www.mupa.com.mx\/blog\/#logo\"}},{\"@type\":\"WebSite\",\"@id\":\"https:\/\/www.mupa.com.mx\/blog\/#website\",\"url\":\"https:\/\/www.mupa.com.mx\/blog\/\",\"name\":\"MUPA\u00ae\",\"description\":\"Mobiliario Urbano, Fabricaci\u00f3n y Venta en M\u00e9xico\",\"publisher\":{\"@id\":\"https:\/\/www.mupa.com.mx\/blog\/#organization\"},\"potentialAction\":[{\"@type\":\"SearchAction\",\"target\":{\"@type\":\"EntryPoint\",\"urlTemplate\":\"https:\/\/www.mupa.com.mx\/blog\/?s={search_term_string}\"},\"query-input\":\"required name=search_term_string\"}],\"inLanguage\":\"es\"},{\"@type\":\"ImageObject\",\"@id\":\"https:\/\/www.mupa.com.mx\/blog\/mobiliario-urbano-en-espacios-publicos-y-seguridad\/#primaryimage\",\"inLanguage\":\"es\",\"url\":\"https:\/\/www.mupa.com.mx\/blog\/wp-content\/uploads\/2025\/05\/20250430_069_OG_1200x630_MUPA_MobiliarioySeguridad.jpg\",\"contentUrl\":\"https:\/\/www.mupa.com.mx\/blog\/wp-content\/uploads\/2025\/05\/20250430_069_OG_1200x630_MUPA_MobiliarioySeguridad.jpg\",\"width\":1200,\"height\":630,\"caption\":\"Mobiliario Urbano en Espacios P\u00fablicos, \u00bfC\u00f3mo Influye en la Percepci\u00f3n de Seguridad? - og\"},{\"@type\":\"WebPage\",\"@id\":\"https:\/\/www.mupa.com.mx\/blog\/mobiliario-urbano-en-espacios-publicos-y-seguridad\/#webpage\",\"url\":\"https:\/\/www.mupa.com.mx\/blog\/mobiliario-urbano-en-espacios-publicos-y-seguridad\/\",\"name\":\"Mobiliario Urbano en Espacios P\u00fablicos, \u00bfC\u00f3mo Influye en la Percepci\u00f3n de Seguridad? - MUPA\u00ae\",\"isPartOf\":{\"@id\":\"https:\/\/www.mupa.com.mx\/blog\/#website\"},\"primaryImageOfPage\":{\"@id\":\"https:\/\/www.mupa.com.mx\/blog\/mobiliario-urbano-en-espacios-publicos-y-seguridad\/#primaryimage\"},\"datePublished\":\"2025-05-06T18:44:26+00:00\",\"dateModified\":\"2025-05-06T18:48:20+00:00\",\"description\":\"\u00bfSab\u00edas que, el mobiliario urbano en espacios p\u00fablicos influye mucho en la percepeci\u00f3n de seguridad? En MUPA\u00ae te decimos a qu\u00e9 se debe esto.\",\"breadcrumb\":{\"@id\":\"https:\/\/www.mupa.com.mx\/blog\/mobiliario-urbano-en-espacios-publicos-y-seguridad\/#breadcrumb\"},\"inLanguage\":\"es\",\"potentialAction\":[{\"@type\":\"ReadAction\",\"target\":[\"https:\/\/www.mupa.com.mx\/blog\/mobiliario-urbano-en-espacios-publicos-y-seguridad\/\"]}]},{\"@type\":\"BreadcrumbList\",\"@id\":\"https:\/\/www.mupa.com.mx\/blog\/mobiliario-urbano-en-espacios-publicos-y-seguridad\/#breadcrumb\",\"itemListElement\":[{\"@type\":\"ListItem\",\"position\":1,\"name\":\"Portada\",\"item\":\"https:\/\/www.mupa.com.mx\/blog\/\"},{\"@type\":\"ListItem\",\"position\":2,\"name\":\"Mobiliario Urbano en Espacios P\u00fablicos, \u00bfC\u00f3mo Influye en la Percepci\u00f3n de Seguridad?\"}]},{\"@type\":\"Article\",\"@id\":\"https:\/\/www.mupa.com.mx\/blog\/mobiliario-urbano-en-espacios-publicos-y-seguridad\/#article\",\"isPartOf\":{\"@id\":\"https:\/\/www.mupa.com.mx\/blog\/mobiliario-urbano-en-espacios-publicos-y-seguridad\/#webpage\"},\"author\":{\"@id\":\"https:\/\/www.mupa.com.mx\/blog\/#\/schema\/person\/7ea86bfb16fb6b75fce8b8f7228b1fd8\"},\"headline\":\"Mobiliario Urbano en Espacios P\u00fablicos, \u00bfC\u00f3mo Influye en la Percepci\u00f3n de Seguridad?\",\"datePublished\":\"2025-05-06T18:44:26+00:00\",\"dateModified\":\"2025-05-06T18:48:20+00:00\",\"mainEntityOfPage\":{\"@id\":\"https:\/\/www.mupa.com.mx\/blog\/mobiliario-urbano-en-espacios-publicos-y-seguridad\/#webpage\"},\"wordCount\":314,\"publisher\":{\"@id\":\"https:\/\/www.mupa.com.mx\/blog\/#organization\"},\"image\":{\"@id\":\"https:\/\/www.mupa.com.mx\/blog\/mobiliario-urbano-en-espacios-publicos-y-seguridad\/#primaryimage\"},\"thumbnailUrl\":\"https:\/\/www.mupa.com.mx\/blog\/wp-content\/uploads\/2025\/05\/20250430_069_BLOG_870x395_MUPA_MobiliarioySeguridad.jpg\",\"articleSection\":[\"Mobiliario Urbano\"],\"inLanguage\":\"es\"},{\"@type\":\"Person\",\"@id\":\"https:\/\/www.mupa.com.mx\/blog\/#\/schema\/person\/7ea86bfb16fb6b75fce8b8f7228b1fd8\",\"name\":\"MUPA\u00ae\",\"image\":{\"@type\":\"ImageObject\",\"@id\":\"https:\/\/www.mupa.com.mx\/blog\/#personlogo\",\"inLanguage\":\"es\",\"url\":\"https:\/\/secure.gravatar.com\/avatar\/e5eb6a8525a9dde1bd86be7c2093623b?s=96&d=mm&r=g\",\"contentUrl\":\"https:\/\/secure.gravatar.com\/avatar\/e5eb6a8525a9dde1bd86be7c2093623b?s=96&d=mm&r=g\",\"caption\":\"MUPA\u00ae\"},\"description\":\"MUPA\u00ae, orgullosa empresa mexicana, con 30 a\u00f1os de experiencia en la fabricaci\u00f3n de mobiliario urbano y productos de acero.\",\"url\":\"https:\/\/www.mupa.com.mx\/blog\/author\/mupa\/\"}]}<\/script>\n<!-- \/ Yoast SEO plugin. -->","yoast_head_json":{"title":"Mobiliario Urbano en Espacios P\u00fablicos, \u00bfC\u00f3mo Influye en la Percepci\u00f3n de Seguridad? - MUPA\u00ae","description":"\u00bfSab\u00edas que, el mobiliario urbano en espacios p\u00fablicos influye mucho en la percepeci\u00f3n de seguridad? En MUPA\u00ae te decimos a qu\u00e9 se debe esto.","robots":{"index":"index","follow":"follow","max-snippet":"max-snippet:-1","max-image-preview":"max-image-preview:large","max-video-preview":"max-video-preview:-1"},"canonical":"https:\/\/www.mupa.com.mx\/blog\/mobiliario-urbano-en-espacios-publicos-y-seguridad\/","og_locale":"es_ES","og_type":"article","og_title":"Mobiliario Urbano en Espacios P\u00fablicos, \u00bfC\u00f3mo Influye en la Percepci\u00f3n de Seguridad?","og_description":"\u00bfSab\u00edas que, el mobiliario urbano en espacios p\u00fablicos influye mucho en la percepeci\u00f3n de seguridad? En MUPA\u00ae te decimos a qu\u00e9 se debe esto.","og_url":"https:\/\/www.mupa.com.mx\/blog\/mobiliario-urbano-en-espacios-publicos-y-seguridad\/","og_site_name":"MUPA\u00ae","article_publisher":"https:\/\/www.facebook.com\/mupa.mobiliario.urbano\/","article_published_time":"2025-05-06T18:44:26+00:00","article_modified_time":"2025-05-06T18:48:20+00:00","og_image":[{"width":1200,"height":630,"url":"https:\/\/www.mupa.com.mx\/blog\/wp-content\/uploads\/2025\/05\/20250430_069_OG_1200x630_MUPA_MobiliarioySeguridad.jpg","type":"image\/jpeg"}],"twitter_card":"summary","twitter_title":"Mobiliario Urbano en Espacios P\u00fablicos, \u00bfC\u00f3mo Influye en la Percepci\u00f3n de Seguridad?","twitter_description":"\u00bfSab\u00edas que, el mobiliario urbano en espacios p\u00fablicos influye mucho en la percepeci\u00f3n de seguridad? En MUPA\u00ae te decimos a qu\u00e9 se debe esto.","twitter_image":"https:\/\/www.mupa.com.mx\/blog\/wp-content\/uploads\/2025\/05\/20250430_069_OG_1200x630_MUPA_MobiliarioySeguridad.jpg","twitter_creator":"@mupamobiliario","twitter_site":"@mupamobiliario","twitter_misc":{"Escrito por":"MUPA\u00ae","Tiempo de lectura":"2 minutos"},"schema":{"@context":"https:\/\/schema.org","@graph":[{"@type":"Organization","@id":"https:\/\/www.mupa.com.mx\/blog\/#organization","name":"MUPA","url":"https:\/\/www.mupa.com.mx\/blog\/","sameAs":["https:\/\/www.facebook.com\/mupa.mobiliario.urbano\/","https:\/\/www.linkedin.com\/company\/mupa-mobiliario-urbano-y-producto-de-acero","https:\/\/twitter.com\/mupamobiliario"],"logo":{"@type":"ImageObject","@id":"https:\/\/www.mupa.com.mx\/blog\/#logo","inLanguage":"es","url":"https:\/\/www.mupa.com.mx\/blog\/wp-content\/uploads\/2016\/10\/LOGO-2-MUPA-2016.png","contentUrl":"https:\/\/www.mupa.com.mx\/blog\/wp-content\/uploads\/2016\/10\/LOGO-2-MUPA-2016.png","width":227,"height":75,"caption":"MUPA"},"image":{"@id":"https:\/\/www.mupa.com.mx\/blog\/#logo"}},{"@type":"WebSite","@id":"https:\/\/www.mupa.com.mx\/blog\/#website","url":"https:\/\/www.mupa.com.mx\/blog\/","name":"MUPA\u00ae","description":"Mobiliario Urbano, Fabricaci\u00f3n y Venta en M\u00e9xico","publisher":{"@id":"https:\/\/www.mupa.com.mx\/blog\/#organization"},"potentialAction":[{"@type":"SearchAction","target":{"@type":"EntryPoint","urlTemplate":"https:\/\/www.mupa.com.mx\/blog\/?s={search_term_string}"},"query-input":"required name=search_term_string"}],"inLanguage":"es"},{"@type":"ImageObject","@id":"https:\/\/www.mupa.com.mx\/blog\/mobiliario-urbano-en-espacios-publicos-y-seguridad\/#primaryimage","inLanguage":"es","url":"https:\/\/www.mupa.com.mx\/blog\/wp-content\/uploads\/2025\/05\/20250430_069_OG_1200x630_MUPA_MobiliarioySeguridad.jpg","contentUrl":"https:\/\/www.mupa.com.mx\/blog\/wp-content\/uploads\/2025\/05\/20250430_069_OG_1200x630_MUPA_MobiliarioySeguridad.jpg","width":1200,"height":630,"caption":"Mobiliario Urbano en Espacios P\u00fablicos, \u00bfC\u00f3mo Influye en la Percepci\u00f3n de Seguridad? - og"},{"@type":"WebPage","@id":"https:\/\/www.mupa.com.mx\/blog\/mobiliario-urbano-en-espacios-publicos-y-seguridad\/#webpage","url":"https:\/\/www.mupa.com.mx\/blog\/mobiliario-urbano-en-espacios-publicos-y-seguridad\/","name":"Mobiliario Urbano en Espacios P\u00fablicos, \u00bfC\u00f3mo Influye en la Percepci\u00f3n de Seguridad? - MUPA\u00ae","isPartOf":{"@id":"https:\/\/www.mupa.com.mx\/blog\/#website"},"primaryImageOfPage":{"@id":"https:\/\/www.mupa.com.mx\/blog\/mobiliario-urbano-en-espacios-publicos-y-seguridad\/#primaryimage"},"datePublished":"2025-05-06T18:44:26+00:00","dateModified":"2025-05-06T18:48:20+00:00","description":"\u00bfSab\u00edas que, el mobiliario urbano en espacios p\u00fablicos influye mucho en la percepeci\u00f3n de seguridad? En MUPA\u00ae te decimos a qu\u00e9 se debe esto.","breadcrumb":{"@id":"https:\/\/www.mupa.com.mx\/blog\/mobiliario-urbano-en-espacios-publicos-y-seguridad\/#breadcrumb"},"inLanguage":"es","potentialAction":[{"@type":"ReadAction","target":["https:\/\/www.mupa.com.mx\/blog\/mobiliario-urbano-en-espacios-publicos-y-seguridad\/"]}]},{"@type":"BreadcrumbList","@id":"https:\/\/www.mupa.com.mx\/blog\/mobiliario-urbano-en-espacios-publicos-y-seguridad\/#breadcrumb","itemListElement":[{"@type":"ListItem","position":1,"name":"Portada","item":"https:\/\/www.mupa.com.mx\/blog\/"},{"@type":"ListItem","position":2,"name":"Mobiliario Urbano en Espacios P\u00fablicos, \u00bfC\u00f3mo Influye en la Percepci\u00f3n de Seguridad?"}]},{"@type":"Article","@id":"https:\/\/www.mupa.com.mx\/blog\/mobiliario-urbano-en-espacios-publicos-y-seguridad\/#article","isPartOf":{"@id":"https:\/\/www.mupa.com.mx\/blog\/mobiliario-urbano-en-espacios-publicos-y-seguridad\/#webpage"},"author":{"@id":"https:\/\/www.mupa.com.mx\/blog\/#\/schema\/person\/7ea86bfb16fb6b75fce8b8f7228b1fd8"},"headline":"Mobiliario Urbano en Espacios P\u00fablicos, \u00bfC\u00f3mo Influye en la Percepci\u00f3n de Seguridad?","datePublished":"2025-05-06T18:44:26+00:00","dateModified":"2025-05-06T18:48:20+00:00","mainEntityOfPage":{"@id":"https:\/\/www.mupa.com.mx\/blog\/mobiliario-urbano-en-espacios-publicos-y-seguridad\/#webpage"},"wordCount":314,"publisher":{"@id":"https:\/\/www.mupa.com.mx\/blog\/#organization"},"image":{"@id":"https:\/\/www.mupa.com.mx\/blog\/mobiliario-urbano-en-espacios-publicos-y-seguridad\/#primaryimage"},"thumbnailUrl":"https:\/\/www.mupa.com.mx\/blog\/wp-content\/uploads\/2025\/05\/20250430_069_BLOG_870x395_MUPA_MobiliarioySeguridad.jpg","articleSection":["Mobiliario Urbano"],"inLanguage":"es"},{"@type":"Person","@id":"https:\/\/www.mupa.com.mx\/blog\/#\/schema\/person\/7ea86bfb16fb6b75fce8b8f7228b1fd8","name":"MUPA\u00ae","image":{"@type":"ImageObject","@id":"https:\/\/www.mupa.com.mx\/blog\/#personlogo","inLanguage":"es","url":"https:\/\/secure.gravatar.com\/avatar\/e5eb6a8525a9dde1bd86be7c2093623b?s=96&d=mm&r=g","contentUrl":"https:\/\/secure.gravatar.com\/avatar\/e5eb6a8525a9dde1bd86be7c2093623b?s=96&d=mm&r=g","caption":"MUPA\u00ae"},"description":"MUPA\u00ae, orgullosa empresa mexicana, con 30 a\u00f1os de experiencia en la fabricaci\u00f3n de mobiliario urbano y productos de acero.","url":"https:\/\/www.mupa.com.mx\/blog\/author\/mupa\/"}]}},"_links":{"self":[{"href":"https:\/\/www.mupa.com.mx\/blog\/wp-json\/wp\/v2\/posts\/9947"}],"collection":[{"href":"https:\/\/www.mupa.com.mx\/blog\/wp-json\/wp\/v2\/posts"}],"about":[{"href":"https:\/\/www.mupa.com.mx\/blog\/wp-json\/wp\/v2\/types\/post"}],"author":[{"embeddable":true,"href":"https:\/\/www.mupa.com.mx\/blog\/wp-json\/wp\/v2\/users\/4"}],"replies":[{"embeddable":true,"href":"https:\/\/www.mupa.com.mx\/blog\/wp-json\/wp\/v2\/comments?post=9947"}],"version-history":[{"count":3,"href":"https:\/\/www.mupa.com.mx\/blog\/wp-json\/wp\/v2\/posts\/9947\/revisions"}],"predecessor-version":[{"id":9952,"href":"https:\/\/www.mupa.com.mx\/blog\/wp-json\/wp\/v2\/posts\/9947\/revisions\/9952"}],"wp:featuredmedia":[{"embeddable":true,"href":"https:\/\/www.mupa.com.mx\/blog\/wp-json\/wp\/v2\/media\/9949"}],"wp:attachment":[{"href":"https:\/\/www.mupa.com.mx\/blog\/wp-json\/wp\/v2\/media?parent=9947"}],"wp:term":[{"taxonomy":"category","embeddable":true,"href":"https:\/\/www.mupa.com.mx\/blog\/wp-json\/wp\/v2\/categories?post=9947"},{"taxonomy":"post_tag","embeddable":true,"href":"https:\/\/www.mupa.com.mx\/blog\/wp-json\/wp\/v2\/tags?post=9947"}],"curies":[{"name":"wp","href":"https:\/\/api.w.org\/{rel}","templated":true}]}}